{"id":10529,"date":"2022-03-06T23:14:18","date_gmt":"2022-03-06T20:14:18","guid":{"rendered":"https:\/\/haberkartal.com\/?p=10529"},"modified":"2022-03-06T23:14:18","modified_gmt":"2022-03-06T20:14:18","slug":"luks-otomobil-iki-otomobile-carparak-durabildi","status":"publish","type":"post","link":"https:\/\/www.haberkartal.tr\/tr-int\/kadikoy\/luks-otomobil-iki-otomobile-carparak-durabildi\/10529\/","title":{"rendered":"L\u00fcks otomobil iki otomobile \u00e7arparak durabildi"},"content":{"rendered":"<p>Kaza, saat 20.00 s\u0131ralar\u0131nda Kad\u0131k\u00f6y Suadiye Mahallesi \u00c7etin Eme\u00e7 Bulvar\u0131&#8217;nda meydana geldi. \u0130ddiaya g\u00f6re, Baha Erdem&#8217;in kulland\u0131\u011f\u0131 34 BAH 32 plakal\u0131 l\u00fcks otomobil, yolda h\u0131zla ilerlerken s\u00fcr\u00fcc\u00fcs\u00fcn\u00fcn direksiyon hakimiyetini kaybetmesiyle kontrol\u00fcnden \u00e7\u0131kt\u0131. Otomobil, park halinde bulunan 34 KP 1446 ve 34 LL 7110 plakal\u0131 otomobillere \u00e7arpt\u0131. Park halindeki otomobillerden birinde bulunan kad\u0131n hafif yaraland\u0131. Haber verilmesiyle olay yerine itfaiye, sa\u011fl\u0131k ve polis ekipleri sevk edildi. Trafik ekipleri yolda g\u00fcvenlik \u00f6nlemi al\u0131rken, yaral\u0131 kad\u0131n ambulansta yap\u0131lan ilk m\u00fcdahalenin ard\u0131ndan G\u00f6ztepe Prof. Dr. S\u00fcleyman Yal\u00e7\u0131n \u015eehir Hastanesi&#8217;ne kald\u0131r\u0131ld\u0131. Kazaya kar\u0131\u015fan otomobillerin kald\u0131r\u0131lmas\u0131 i\u00e7in bir s\u00fcre trafi\u011fe kapat\u0131lan yol, \u00e7al\u0131\u015fmalar\u0131n ard\u0131ndan a\u00e7\u0131ld\u0131.<\/p>\n<p><img loading=\"lazy\" decoding=\"async\" src=\"https:\/\/haberkartal.com\/wp-content\/uploads\/2022\/03\/kaza3.jpg\" alt=\"\" width=\"900\" height=\"506\" class=\"alignnone size-full wp-image-10533\" srcset=\"https:\/\/www.haberkartal.tr\/tr-int\/wp-content\/uploads\/2022\/03\/kaza3.jpg 900w, https:\/\/www.haberkartal.tr\/tr-int\/wp-content\/uploads\/2022\/03\/kaza3-300x169.jpg 300w, https:\/\/www.haberkartal.tr\/tr-int\/wp-content\/uploads\/2022\/03\/kaza3-768x432.jpg 768w\" sizes=\"auto, (max-width: 900px) 100vw, 900px\" \/><\/p>\n","protected":false},"excerpt":{"rendered":"<p>Kad\u0131k\u00f6y&#8217;de iddiaya g\u00f6re, yolda h\u0131zla ilerlerken s\u00fcr\u00fcc\u00fcs\u00fcn\u00fcn direksiyon hakimiyetini kaybetti\u011fi otomobil, park halindeki 2 otomobile \u00e7arparak durabildi. Park halindeki otomobillerden birinde bulunan kad\u0131n hafif yaraland\u0131.<\/p>\n","protected":false},"author":8,"featured_media":10531,"comment_status":"open","ping_status":"open","sticky":false,"template":"","format":"standard","meta":{"footnotes":""},"categories":[8],"tags":[105,442,541,446],"class_list":["post-10529","post","type-post","status-publish","format-standard","has-post-thumbnail","hentry","category-kadikoy","tag-kadikoy","tag-kaza","tag-manset","tag-trafik"],"_links":{"self":[{"href":"https:\/\/www.haberkartal.tr\/tr-int\/wp-json\/wp\/v2\/posts\/10529","targetHints":{"allow":["GET"]}}],"collection":[{"href":"https:\/\/www.haberkartal.tr\/tr-int\/wp-json\/wp\/v2\/posts"}],"about":[{"href":"https:\/\/www.haberkartal.tr\/tr-int\/wp-json\/wp\/v2\/types\/post"}],"author":[{"embeddable":true,"href":"https:\/\/www.haberkartal.tr\/tr-int\/wp-json\/wp\/v2\/users\/8"}],"replies":[{"embeddable":true,"href":"https:\/\/www.haberkartal.tr\/tr-int\/wp-json\/wp\/v2\/comments?post=10529"}],"version-history":[{"count":1,"href":"https:\/\/www.haberkartal.tr\/tr-int\/wp-json\/wp\/v2\/posts\/10529\/revisions"}],"predecessor-version":[{"id":10534,"href":"https:\/\/www.haberkartal.tr\/tr-int\/wp-json\/wp\/v2\/posts\/10529\/revisions\/10534"}],"wp:featuredmedia":[{"embeddable":true,"href":"https:\/\/www.haberkartal.tr\/tr-int\/wp-json\/wp\/v2\/media\/10531"}],"wp:attachment":[{"href":"https:\/\/www.haberkartal.tr\/tr-int\/wp-json\/wp\/v2\/media?parent=10529"}],"wp:term":[{"taxonomy":"category","embeddable":true,"href":"https:\/\/www.haberkartal.tr\/tr-int\/wp-json\/wp\/v2\/categories?post=10529"},{"taxonomy":"post_tag","embeddable":true,"href":"https:\/\/www.haberkartal.tr\/tr-int\/wp-json\/wp\/v2\/tags?post=10529"}],"curies":[{"name":"wp","href":"https:\/\/api.w.org\/{rel}","templated":true}]}}