{"id":10842,"date":"2022-03-15T14:18:28","date_gmt":"2022-03-15T11:18:28","guid":{"rendered":"https:\/\/haberkartal.com\/?p=10842"},"modified":"2022-03-15T14:18:28","modified_gmt":"2022-03-15T11:18:28","slug":"elektrigi-kesilen-cemevi-icin-mahkemeden-ilginc-karar-borcu-yok","status":"publish","type":"post","link":"https:\/\/www.haberkartal.tr\/tr-int\/kadikoy\/elektrigi-kesilen-cemevi-icin-mahkemeden-ilginc-karar-borcu-yok\/10842\/","title":{"rendered":"Elektri\u011fi Kesilen Cemevi \u0130\u00e7in Mahkemeden \u0130lgin\u00e7 Karar; Borcu Yok"},"content":{"rendered":"<p>Kad\u0131k\u00f6y&#8217;deki Pir Sultan Abdal Cemevi&#8217;nin elektrik faturas\u0131 &#8216;ticarethane&#8217; stat\u00fcs\u00fcnde kesildi. Cemevi borcunu \u00f6deyemeyince \u0130stanbul Anadolu Yakas\u0131 Elektrik Perakende Sat\u0131\u015f A.\u015e. taraf\u0131ndan elektri\u011fi kesildi.  Pir Sultan Abdal K\u00fclt\u00fcr Derne\u011fi avukatlar\u0131 Naz\u0131m Karsl\u0131 ve Hasan Cem Y\u0131lmaz, \u0130stanbul Anadolu Yakas\u0131 Elektrik Perakende Sat\u0131\u015f A.\u015e.&#8217;ye dava a\u00e7t\u0131. Dava dilek\u00e7esinde cemevlerinin alevi inanc\u0131n\u0131n yol ve erkan\u0131na g\u00f6re hizmet vermek \u00fczere oldu\u011fu belirtildi. Alevi yurtta\u015flar\u0131n cemevlerinde ibadetlerini yapmakta oldu\u011fu vurgulanan dava dilek\u00e7esinde, Elektrik Perakende Sat\u0131\u015f A.\u015e. Kad\u0131k\u00f6y \u015eubesi&#8217;nin Pir Sultan Abdal K\u00fclt\u00fcr Derne\u011fi&#8217;nin faturas\u0131n\u0131 &#8216;ticarethane h\u00fck\u00fcmlerine&#8217; g\u00f6re d\u00fczenledi\u011fini ve elektrik borcunu \u00f6deyemeyen cemevinin elektri\u011fini kesti\u011fi kaydedildi. Cemevinin morgunda bulunan cenazelerin bu nedenle kokma tehlikesiyle kar\u015f\u0131 kar\u015f\u0131ya kald\u0131\u011f\u0131 vurgulanan dilek\u00e7ede, s\u00f6z konusu daval\u0131 \u015firketin ilams\u0131z bir \u015fekilde icra takibi ba\u015flatt\u0131\u011f\u0131 da belirtildi.<\/p>\n<p><strong>SANAY\u0130 KURULU\u015eUYMU\u015e G\u0130B\u0130 ELEKTR\u0130K TAR\u0130FES\u0130 UYGULANDI<\/strong><\/p>\n<p>Daval\u0131 \u015firketin davac\u0131 cemevini bir sanayi kurulu\u015fuymu\u015f gibi elektrik tarifesi uygulad\u0131\u011f\u0131 kaydedilen dilek\u00e7ede, cemevlerinin ibadethane oldu\u011fu ayd\u0131nlatma ve elektrik kullan\u0131m giderlerinin al\u0131nmamas\u0131 gerekti\u011fi kaydedildi. Dilek\u00e7ede &#8220;M\u00fcvekkil derne\u011fin i\u015fbu nedenle daval\u0131 \u015firkete kar\u015f\u0131 borcu yoktur&#8221; ifadesi kullan\u0131ld\u0131. <\/p>\n<p><strong>BORCU OLMADI\u011eININ TESP\u0130T\u0130NE YER VER\u0130LMES\u0130 \u0130STEND\u0130<\/strong><\/p>\n<p>Dava dilek\u00e7esinde Pir Sultan Abdal K\u00fclt\u00fcr Derne\u011fi Kad\u0131k\u00f6y \u015eubesi ve Cemevinin daval\u0131 \u015firkete borcu olmad\u0131\u011f\u0131n\u0131n tespitine yer verilmesi ve icra takibinin usul ve yasaya ayk\u0131r\u0131 olmas\u0131 nedeniyle iptaline karar verilmesi talep edildi. Ayr\u0131ca dilek\u00e7ede menfi tespit davas\u0131 a\u00e7t\u0131rarak s\u00f6z konusu derne\u011fi zarara u\u011fratan daval\u0131 \u015firketin icra inkar tazminat\u0131 \u00f6demesi istendi. <\/p>\n<p><strong>MAHKEME CEMEV\u0130N\u0130N BORCU OLMADI\u011eINA KARAR VERD\u0130<\/strong><\/p>\n<p>Anadolu 7. Asliye Hukuk Mahkemesi&#8217;nde g\u00f6r\u00fclen karar duru\u015fmas\u0131na davac\u0131 avukat\u0131 Naz\u0131m Karsl\u0131 kat\u0131l\u0131rken daval\u0131 \u015firketin avukat\u0131 kat\u0131lmad\u0131.  Avukat Karsl\u0131, \u00f6nceki beyanlar\u0131n\u0131 tekrar etti\u011fini belirterek davan\u0131n kabul edilmesini istedi. Davay\u0131 karara ba\u011flayan mahkeme, davan\u0131n kabul\u00fcne karar vererek, Pir Sultan Abdal K\u00fclt\u00fcr Derne\u011fi Kad\u0131k\u00f6y \u015eubesi&#8217;nin \u0130stanbul Anadolu Yakas\u0131 Elektrik Perakende Sat\u0131\u015f A.\u015e.&#8217;ye bor\u00e7lu olmad\u0131\u011f\u0131na karar verdi. Mahkeme, davac\u0131n\u0131n tazminat talebini ise yasal \u015fartlar\u0131 olu\u015fmad\u0131\u011f\u0131 gerek\u00e7esiyle reddetti.<\/p>\n","protected":false},"excerpt":{"rendered":"<p>Anadolu 7. Asliye Hukuk Mahkemesi, cemevinin elektri\u011finin kesilmesiyle ilgili davada, karar\u0131n\u0131 a\u00e7\u0131klad\u0131. Mahkeme,  &#8216;ticarethane h\u00fck\u00fcmlerine&#8217; g\u00f6re fatura g\u00f6nderilen cemevinin borcu olmad\u0131\u011f\u0131na karar verdi.<\/p>\n","protected":false},"author":8,"featured_media":10844,"comment_status":"open","ping_status":"open","sticky":false,"template":"","format":"standard","meta":{"footnotes":""},"categories":[8],"tags":[157,721,988,541,1800],"class_list":["post-10842","post","type-post","status-publish","format-standard","has-post-thumbnail","hentry","category-kadikoy","tag-cemevi","tag-elektrik","tag-mahkeme","tag-manset","tag-pir-sultan-abdal"],"_links":{"self":[{"href":"https:\/\/www.haberkartal.tr\/tr-int\/wp-json\/wp\/v2\/posts\/10842","targetHints":{"allow":["GET"]}}],"collection":[{"href":"https:\/\/www.haberkartal.tr\/tr-int\/wp-json\/wp\/v2\/posts"}],"about":[{"href":"https:\/\/www.haberkartal.tr\/tr-int\/wp-json\/wp\/v2\/types\/post"}],"author":[{"embeddable":true,"href":"https:\/\/www.haberkartal.tr\/tr-int\/wp-json\/wp\/v2\/users\/8"}],"replies":[{"embeddable":true,"href":"https:\/\/www.haberkartal.tr\/tr-int\/wp-json\/wp\/v2\/comments?post=10842"}],"version-history":[{"count":1,"href":"https:\/\/www.haberkartal.tr\/tr-int\/wp-json\/wp\/v2\/posts\/10842\/revisions"}],"predecessor-version":[{"id":10846,"href":"https:\/\/www.haberkartal.tr\/tr-int\/wp-json\/wp\/v2\/posts\/10842\/revisions\/10846"}],"wp:featuredmedia":[{"embeddable":true,"href":"https:\/\/www.haberkartal.tr\/tr-int\/wp-json\/wp\/v2\/media\/10844"}],"wp:attachment":[{"href":"https:\/\/www.haberkartal.tr\/tr-int\/wp-json\/wp\/v2\/media?parent=10842"}],"wp:term":[{"taxonomy":"category","embeddable":true,"href":"https:\/\/www.haberkartal.tr\/tr-int\/wp-json\/wp\/v2\/categories?post=10842"},{"taxonomy":"post_tag","embeddable":true,"href":"https:\/\/www.haberkartal.tr\/tr-int\/wp-json\/wp\/v2\/tags?post=10842"}],"curies":[{"name":"wp","href":"https:\/\/api.w.org\/{rel}","templated":true}]}}