{"id":11325,"date":"2022-03-31T15:01:38","date_gmt":"2022-03-31T12:01:38","guid":{"rendered":"https:\/\/haberkartal.com\/?p=11325"},"modified":"2022-03-31T15:01:38","modified_gmt":"2022-03-31T12:01:38","slug":"tuzlada-tira-carpan-otomobil-alev-alev-yandi-surucu-oldu","status":"publish","type":"post","link":"https:\/\/www.haberkartal.tr\/tr-int\/tuzla\/tuzlada-tira-carpan-otomobil-alev-alev-yandi-surucu-oldu\/11325\/","title":{"rendered":"Tuzla&#8217;da TIR&#8217;a \u00e7arpan otomobil alev alev yand\u0131; s\u00fcr\u00fcc\u00fc \u00f6ld\u00fc"},"content":{"rendered":"<p>Kaza, saat 09.00 s\u0131ralar\u0131nda Tuzla Kuzey Marmara Otoyolu Tepe\u00f6ren mevkii \u0130stanbul istikametinde meydana geldi. \u0130ddiaya g\u00f6re Osman Zengin y\u00f6netimindeki 42 DRZ 55 plakal\u0131 in\u015faat ve tekstil malzemeleri y\u00fckl\u00fc TIR otoyolda seyir halindeyken 34 EEV 597 plakal\u0131 otomobil s\u00fcr\u00fcc\u00fcs\u00fc Murat Ata\u015f (30) sollama yapt\u0131\u011f\u0131 s\u0131rada TIR&#8217;a arkadan \u00e7arpt\u0131. \u00c7arpman\u0131n etkisiyle 100 metre s\u00fcr\u00fcklenen TIR ve otomobil alev ald\u0131. TIR s\u00fcr\u00fcc\u00fcs\u00fc Zengin, ara\u00e7tan inerek yang\u0131na m\u00fcdahale etmek istedi. Alevlerin b\u00fcy\u00fcmesi \u00fczerine olay yerine itfaiye, sa\u011fl\u0131k ve polis ekipleri sevk edildi. Olay yerine gelen itfaiye ekipleri yanan dorse ve otomobili s\u00f6nd\u00fcrmek i\u00e7in \u00e7al\u0131\u015fma ba\u015flatt\u0131. \u0130tfaiyenin yakla\u015f\u0131k bir saat s\u00fcren s\u00f6nd\u00fcrme \u00e7al\u0131\u015fmalar\u0131n\u0131n ard\u0131ndan dorseye s\u0131k\u0131\u015fan otomobil ve TIR&#8217;\u0131n dorsesi kullan\u0131lamaz hale geldi. Olay yeri inceleme ekipleri yanan dorse ve otomobilde inceleme yapt\u0131. Yap\u0131lan incelemelerde Ata\u015f&#8217;\u0131n ara\u00e7 i\u00e7erisinde yanarak hayat\u0131n\u0131 kaybetti\u011fi tespit edildi. Otomobil s\u00fcr\u00fcc\u00fcs\u00fcn\u00fcn cans\u0131z bedeni otopsi i\u015flemleri i\u00e7in Tuzla Devlet Hastanesi Morgu&#8217;na kald\u0131r\u0131ld\u0131. Polis ekiplerinin kazayla ilgili soru\u015fturmas\u0131 s\u00fcr\u00fcyor.<\/p>\n<p><img loading=\"lazy\" decoding=\"async\" src=\"https:\/\/haberkartal.com\/wp-content\/uploads\/2022\/03\/tuzmla3.jpg\" alt=\"\" width=\"900\" height=\"675\" class=\"alignnone size-full wp-image-11329\" srcset=\"https:\/\/www.haberkartal.tr\/tr-int\/wp-content\/uploads\/2022\/03\/tuzmla3.jpg 900w, https:\/\/www.haberkartal.tr\/tr-int\/wp-content\/uploads\/2022\/03\/tuzmla3-300x225.jpg 300w, https:\/\/www.haberkartal.tr\/tr-int\/wp-content\/uploads\/2022\/03\/tuzmla3-768x576.jpg 768w\" sizes=\"auto, (max-width: 900px) 100vw, 900px\" \/> <\/p>\n<p>TIR \u015fof\u00f6r\u00fc Osman Zengin, &#8220;Sa\u011f \u015feritten 70-80 kilometre h\u0131zla ilerliyordum. Arkamdan bir ses geldi. S\u00fcratliydi herhalde otomobil. Lastik patlad\u0131 zannettim. A\u015fa\u011f\u0131ya indim bakt\u0131m araba var. Araba yanmaya ba\u015flam\u0131\u015f. \u00c7ok s\u00fcr\u00fcklendik. Yang\u0131n t\u00fcp\u00fcyle m\u00fcdahale etmeye \u00e7al\u0131\u015ft\u0131m. S\u00f6nd\u00fcremedim. \u00c7\u0131karamad\u0131m alttan&#8221; dedi.  <\/p>\n","protected":false},"excerpt":{"rendered":"<p>Tuzla Kuzey Marmara Otoyolu&#8217;nda seyir halindeki TIR&#8217;a otomobil arkadan \u00e7arpt\u0131. Kazada otomobil ve TIR&#8217;\u0131n dorsesi alev alev yanarken, ara\u00e7 i\u00e7erisinden \u00e7\u0131kamayan s\u00fcr\u00fcc\u00fc feci \u015fekilde yanarak can verdi. <\/p>\n","protected":false},"author":8,"featured_media":11327,"comment_status":"open","ping_status":"open","sticky":false,"template":"","format":"standard","meta":{"footnotes":""},"categories":[6],"tags":[442,541,1065,128],"class_list":["post-11325","post","type-post","status-publish","format-standard","has-post-thumbnail","hentry","category-tuzla","tag-kaza","tag-manset","tag-tir","tag-tuzla"],"_links":{"self":[{"href":"https:\/\/www.haberkartal.tr\/tr-int\/wp-json\/wp\/v2\/posts\/11325","targetHints":{"allow":["GET"]}}],"collection":[{"href":"https:\/\/www.haberkartal.tr\/tr-int\/wp-json\/wp\/v2\/posts"}],"about":[{"href":"https:\/\/www.haberkartal.tr\/tr-int\/wp-json\/wp\/v2\/types\/post"}],"author":[{"embeddable":true,"href":"https:\/\/www.haberkartal.tr\/tr-int\/wp-json\/wp\/v2\/users\/8"}],"replies":[{"embeddable":true,"href":"https:\/\/www.haberkartal.tr\/tr-int\/wp-json\/wp\/v2\/comments?post=11325"}],"version-history":[{"count":1,"href":"https:\/\/www.haberkartal.tr\/tr-int\/wp-json\/wp\/v2\/posts\/11325\/revisions"}],"predecessor-version":[{"id":11330,"href":"https:\/\/www.haberkartal.tr\/tr-int\/wp-json\/wp\/v2\/posts\/11325\/revisions\/11330"}],"wp:featuredmedia":[{"embeddable":true,"href":"https:\/\/www.haberkartal.tr\/tr-int\/wp-json\/wp\/v2\/media\/11327"}],"wp:attachment":[{"href":"https:\/\/www.haberkartal.tr\/tr-int\/wp-json\/wp\/v2\/media?parent=11325"}],"wp:term":[{"taxonomy":"category","embeddable":true,"href":"https:\/\/www.haberkartal.tr\/tr-int\/wp-json\/wp\/v2\/categories?post=11325"},{"taxonomy":"post_tag","embeddable":true,"href":"https:\/\/www.haberkartal.tr\/tr-int\/wp-json\/wp\/v2\/tags?post=11325"}],"curies":[{"name":"wp","href":"https:\/\/api.w.org\/{rel}","templated":true}]}}