{"id":11817,"date":"2022-04-16T10:31:16","date_gmt":"2022-04-16T07:31:16","guid":{"rendered":"https:\/\/haberkartal.com\/?p=11817"},"modified":"2022-04-16T10:31:16","modified_gmt":"2022-04-16T07:31:16","slug":"kadikoyde-feci-kaza-otomobil-ikiye-bolundu","status":"publish","type":"post","link":"https:\/\/www.haberkartal.tr\/tr-int\/kadikoy\/kadikoyde-feci-kaza-otomobil-ikiye-bolundu\/11817\/","title":{"rendered":"Kad\u0131k\u00f6y\u2019de feci kaza; otomobil ikiye b\u00f6l\u00fcnd\u00fc"},"content":{"rendered":"<p>Kaza saat 06.30 s\u0131ralar\u0131nda D-100 Karayolu Kad\u0131k\u00f6y Bostanc\u0131 Mevkii Kad\u0131k\u00f6y istikametinde meydana geldi. F.A.&#8217;n\u0131n kulland\u0131\u011f\u0131 34 NSY 91 plakal\u0131 otomobil, s\u00fcr\u00fcc\u00fcs\u00fcn\u00fcn direksiyon hakimiyetini bilinmeyen bir nedenle kaybetmesiyle kald\u0131r\u0131ma \u00e7\u0131karak reklam panosuna \u00e7arpt\u0131. Reklam panosunu par\u00e7alayan otomobil, \u00fcst ge\u00e7idin aya\u011f\u0131na \u00e7arparak ikiye ayr\u0131ld\u0131. Otomobilin bir par\u00e7as\u0131 yan yola savrulurken di\u011fer par\u00e7as\u0131 ise D-100 Karayolu\u2019nun sa\u011f \u015feridinde kald\u0131.<\/p>\n<p>F.A. ara\u00e7tan f\u0131rlayarak yola d\u00fc\u015ft\u00fc. \u0130hbar \u00fczerine olay yerine polis ve sa\u011fl\u0131k ekipleri sevk edildi. Olay yerine gelen polis ekipleri yaral\u0131 s\u00fcr\u00fcc\u00fcn\u00fcn \u00c7evik Kuvvet polisi olarak g\u00f6rev yalan F.A. oldu\u011funu tespit etti. F.A.\u2019n\u0131n silah\u0131 ve ki\u015fisel e\u015fyalar\u0131 polis ekipleri taraf\u0131ndan muhafaza alt\u0131na al\u0131nd\u0131. S\u00fcr\u00fcc\u00fc, sa\u011fl\u0131k ekipleri taraf\u0131ndan olay yerinde yap\u0131lan ilk m\u00fcdahalenin ard\u0131ndan Fatih Sultan Mehmet E\u011fitim ve Ara\u015ft\u0131rma Hastanesi\u2019ne kald\u0131r\u0131ld\u0131. Kaza yapan otomobilden s\u0131zan akaryak\u0131t ve ya\u011f i\u00e7in yol bak\u0131m ekipleri taraf\u0131ndan kumlama \u00e7al\u0131\u015fmas\u0131 yap\u0131ld\u0131. Kaza sebebiyle D-100 Karayolu Kad\u0131k\u00f6y istikameti trafi\u011fe kapan\u0131rken, ters istikamette de trafik yo\u011funlu\u011fu olu\u015ftu. Yaral\u0131 polis memurunun durumunun ciddiyetini korudu\u011fu \u00f6\u011frenildi.<\/p>\n<p><img loading=\"lazy\" decoding=\"async\" src=\"https:\/\/haberkartal.com\/wp-content\/uploads\/2022\/04\/kaza4.jpg\" alt=\"\" width=\"900\" height=\"506\" class=\"alignnone size-full wp-image-11822\" srcset=\"https:\/\/www.haberkartal.tr\/tr-int\/wp-content\/uploads\/2022\/04\/kaza4.jpg 900w, https:\/\/www.haberkartal.tr\/tr-int\/wp-content\/uploads\/2022\/04\/kaza4-300x169.jpg 300w, https:\/\/www.haberkartal.tr\/tr-int\/wp-content\/uploads\/2022\/04\/kaza4-768x432.jpg 768w\" sizes=\"auto, (max-width: 900px) 100vw, 900px\" \/><\/p>\n<p><img loading=\"lazy\" decoding=\"async\" src=\"https:\/\/haberkartal.com\/wp-content\/uploads\/2022\/04\/kaza3.jpg\" alt=\"\" width=\"900\" height=\"506\" class=\"alignnone size-full wp-image-11821\" srcset=\"https:\/\/www.haberkartal.tr\/tr-int\/wp-content\/uploads\/2022\/04\/kaza3.jpg 900w, https:\/\/www.haberkartal.tr\/tr-int\/wp-content\/uploads\/2022\/04\/kaza3-300x169.jpg 300w, https:\/\/www.haberkartal.tr\/tr-int\/wp-content\/uploads\/2022\/04\/kaza3-768x432.jpg 768w\" sizes=\"auto, (max-width: 900px) 100vw, 900px\" \/><\/p>\n","protected":false},"excerpt":{"rendered":"<p>Kad\u0131k\u00f6y D-100 Karayolu\u2019nda \u00fcst ge\u00e7idin aya\u011f\u0131na \u00e7arpan otomobil ikiye b\u00f6l\u00fcnd\u00fc. Par\u00e7alanan otomobil i\u00e7erisinden f\u0131rlayan s\u00fcr\u00fcc\u00fc a\u011f\u0131r yaraland\u0131.<\/p>\n","protected":false},"author":8,"featured_media":11819,"comment_status":"open","ping_status":"open","sticky":false,"template":"","format":"standard","meta":{"footnotes":""},"categories":[8],"tags":[1364,105,442,541,446],"class_list":["post-11817","post","type-post","status-publish","format-standard","has-post-thumbnail","hentry","category-kadikoy","tag-bostanci","tag-kadikoy","tag-kaza","tag-manset","tag-trafik"],"_links":{"self":[{"href":"https:\/\/www.haberkartal.tr\/tr-int\/wp-json\/wp\/v2\/posts\/11817","targetHints":{"allow":["GET"]}}],"collection":[{"href":"https:\/\/www.haberkartal.tr\/tr-int\/wp-json\/wp\/v2\/posts"}],"about":[{"href":"https:\/\/www.haberkartal.tr\/tr-int\/wp-json\/wp\/v2\/types\/post"}],"author":[{"embeddable":true,"href":"https:\/\/www.haberkartal.tr\/tr-int\/wp-json\/wp\/v2\/users\/8"}],"replies":[{"embeddable":true,"href":"https:\/\/www.haberkartal.tr\/tr-int\/wp-json\/wp\/v2\/comments?post=11817"}],"version-history":[{"count":1,"href":"https:\/\/www.haberkartal.tr\/tr-int\/wp-json\/wp\/v2\/posts\/11817\/revisions"}],"predecessor-version":[{"id":11823,"href":"https:\/\/www.haberkartal.tr\/tr-int\/wp-json\/wp\/v2\/posts\/11817\/revisions\/11823"}],"wp:featuredmedia":[{"embeddable":true,"href":"https:\/\/www.haberkartal.tr\/tr-int\/wp-json\/wp\/v2\/media\/11819"}],"wp:attachment":[{"href":"https:\/\/www.haberkartal.tr\/tr-int\/wp-json\/wp\/v2\/media?parent=11817"}],"wp:term":[{"taxonomy":"category","embeddable":true,"href":"https:\/\/www.haberkartal.tr\/tr-int\/wp-json\/wp\/v2\/categories?post=11817"},{"taxonomy":"post_tag","embeddable":true,"href":"https:\/\/www.haberkartal.tr\/tr-int\/wp-json\/wp\/v2\/tags?post=11817"}],"curies":[{"name":"wp","href":"https:\/\/api.w.org\/{rel}","templated":true}]}}