{"id":1245,"date":"2021-04-08T22:00:01","date_gmt":"2021-04-08T19:00:01","guid":{"rendered":"https:\/\/haberkartal.com\/?p=1245"},"modified":"2021-04-08T22:00:01","modified_gmt":"2021-04-08T19:00:01","slug":"kadikoyun-2020-faaliyet-raporu-kabul-edildi","status":"publish","type":"post","link":"https:\/\/www.haberkartal.tr\/tr-int\/kadikoy\/kadikoyun-2020-faaliyet-raporu-kabul-edildi\/1245\/","title":{"rendered":"Kad\u0131k\u00f6y\u2019\u00fcn 2020 Faaliyet Raporu Kabul Edildi"},"content":{"rendered":"<p>Kad\u0131k\u00f6y Belediyesi\u2019nin 2020 y\u0131l\u0131ndaki \u00e7al\u0131\u015fmalar\u0131 hakk\u0131nda Kad\u0131k\u00f6y Belediye Ba\u015fkan\u0131 \u015eerdil Dara Odaba\u015f\u0131 bilgi verdi. 2020 y\u0131l\u0131na Covid-19\u2019la m\u00fccadele \u00e7al\u0131\u015fmalar\u0131 damga vurdu. Ba\u015fkan Odaba\u015f\u0131, pandemi s\u00fcrecinde y\u00fcr\u00fct\u00fclen dezenfekte \u00e7al\u0131\u015fmalar\u0131, sosyal hizmetlere y\u00f6nelik politikalar ve sa\u011fl\u0131k hizmetleri hakk\u0131nda bilgi verdi. Odaba\u015f\u0131, tamamlanmas\u0131na ra\u011fmen korona nedeniyle faaliyete ge\u00e7irilemeyen Sinematek\/Sinema Evi, G\u00f6ztepe Sosyal Hizmet ve Alzheimer Merkezi, Suadiye Adile Na\u015fit \u00c7ocuk Yuvas\u0131 ve Alan Tiyatro\u2019nun pandeminin etkilerinin azalmas\u0131yla hemen faaliyete ge\u00e7ece\u011fini s\u00f6yledi. <\/p>\n<p>Kad\u0131k\u00f6y Belediye Ba\u015fkan\u0131 Odaba\u015f\u0131\u2019n\u0131n vurgulad\u0131\u011f\u0131 konulardan biri de Kad\u0131k\u00f6y&#8217;de kentsel d\u00f6n\u00fc\u015f\u00fcm nedeniyle bozulan altyap\u0131n\u0131n yenilenmesine y\u00f6nelik faaliyetler oldu. Pandemide soka\u011fa \u00e7\u0131kma k\u0131s\u0131tlamalar\u0131n\u0131 f\u0131rsat bilerek, pek \u00e7ok cadde ve sokakta kald\u0131r\u0131m, asfalt, park yenileme gibi \u00e7al\u0131\u015fmalar y\u00fcr\u00fctt\u00fcklerini ifade eden Odaba\u015f\u0131,   kentsel planlamada yaya \u00f6ncelikli bir politika g\u00fctt\u00fcklerinin alt\u0131n\u0131 \u00e7izdi. Odaba\u015f\u0131, \u0130stanbul B\u00fcy\u00fck\u015fehir Belediyesi (\u0130BB) ile y\u00fcr\u00fct\u00fclen i\u015fbirli\u011fi ile \u00e7\u00f6z\u00fclemeyen sorunlarda b\u00fcy\u00fck a\u015famalar kat edildi\u011finin alt\u0131n\u0131 \u00e7izdi. Kurba\u011fal\u0131dere, Kad\u0131k\u00f6y R\u0131ht\u0131m, Hasanpa\u015fa Gazhanesi\u2019nde gelinen son noktaya de\u011finen Odaba\u015f\u0131, Ba\u011fdat caddesinde \u0130BB\u2019nin y\u0131llard\u0131r ihmal etti\u011fi \u00e7al\u0131\u015fmalar\u0131n y\u00f6netimin de\u011fi\u015fmesiyle h\u0131z kazand\u0131\u011f\u0131n\u0131, \u00e7al\u0131\u015fmalar\u0131n s\u00fcrd\u00fc\u011f\u00fcn\u00fc aktard\u0131. <\/p>\n<p>Kad\u0131k\u00f6y Belediye Ba\u015fkan\u0131 Odaba\u015f\u0131 meclise hitaben yapt\u0131\u011f\u0131 konu\u015fmada \u201c2020 y\u0131l\u0131nda Kad\u0131k\u00f6y\u2019e de\u011fer katan projelere imza att\u0131k. 2021 y\u0131l\u0131nda pandeminin neden oldu\u011fu k\u0131s\u0131tlamalar hafifledi\u011finde 2020\u2019nin \u00e7ok daha \u00fczerinde bir performansla \u00e7al\u0131\u015fmaya devam edecek ve hayata ge\u00e7irmek i\u00e7in sab\u0131rs\u0131zland\u0131\u011f\u0131m\u0131z projelerimizi i\u015fler hale getirece\u011fiz. 2020 y\u0131l\u0131 faaliyetlerimizde eme\u011fi olan belediye \u00e7al\u0131\u015fanlar\u0131m\u0131za, meclis \u00fcyelerimize, i\u015fbirli\u011fi halinde oldu\u011fumuz di\u011fer kurumlara, sivil toplum kurulu\u015flar\u0131na ve de\u011ferli Kad\u0131k\u00f6yl\u00fclere g\u00f6n\u00fclden te\u015fekk\u00fcr ederim.\u201d dedi. 2020 Y\u0131l\u0131 Faaliyet Raporu oy \u00e7oklu\u011fu ile kabul edildi.<\/p>\n","protected":false},"excerpt":{"rendered":"<p>Kad\u0131k\u00f6y&#8217;de ger\u00e7ekle\u015ftirilen faaliyet ve \u00e7al\u0131\u015fmalar\u0131n yer ald\u0131\u011f\u0131 Faaliyet Raporu Kad\u0131k\u00f6y Belediye Meclisi\u2019nde oy \u00e7oklu\u011fu ile kabul edildi.<\/p>\n","protected":false},"author":3,"featured_media":1246,"comment_status":"open","ping_status":"open","sticky":false,"template":"","format":"standard","meta":{"footnotes":""},"categories":[8],"tags":[463,464,105],"class_list":["post-1245","post","type-post","status-publish","format-standard","has-post-thumbnail","hentry","category-kadikoy","tag-faaliyet-raporu","tag-fikirtepe","tag-kadikoy"],"_links":{"self":[{"href":"https:\/\/www.haberkartal.tr\/tr-int\/wp-json\/wp\/v2\/posts\/1245","targetHints":{"allow":["GET"]}}],"collection":[{"href":"https:\/\/www.haberkartal.tr\/tr-int\/wp-json\/wp\/v2\/posts"}],"about":[{"href":"https:\/\/www.haberkartal.tr\/tr-int\/wp-json\/wp\/v2\/types\/post"}],"author":[{"embeddable":true,"href":"https:\/\/www.haberkartal.tr\/tr-int\/wp-json\/wp\/v2\/users\/3"}],"replies":[{"embeddable":true,"href":"https:\/\/www.haberkartal.tr\/tr-int\/wp-json\/wp\/v2\/comments?post=1245"}],"version-history":[{"count":0,"href":"https:\/\/www.haberkartal.tr\/tr-int\/wp-json\/wp\/v2\/posts\/1245\/revisions"}],"wp:featuredmedia":[{"embeddable":true,"href":"https:\/\/www.haberkartal.tr\/tr-int\/wp-json\/wp\/v2\/media\/1246"}],"wp:attachment":[{"href":"https:\/\/www.haberkartal.tr\/tr-int\/wp-json\/wp\/v2\/media?parent=1245"}],"wp:term":[{"taxonomy":"category","embeddable":true,"href":"https:\/\/www.haberkartal.tr\/tr-int\/wp-json\/wp\/v2\/categories?post=1245"},{"taxonomy":"post_tag","embeddable":true,"href":"https:\/\/www.haberkartal.tr\/tr-int\/wp-json\/wp\/v2\/tags?post=1245"}],"curies":[{"name":"wp","href":"https:\/\/api.w.org\/{rel}","templated":true}]}}