{"id":13255,"date":"2022-06-09T10:37:17","date_gmt":"2022-06-09T07:37:17","guid":{"rendered":"https:\/\/haberkartal.com\/?p=13255"},"modified":"2022-06-09T10:37:17","modified_gmt":"2022-06-09T07:37:17","slug":"tuzlada-gelenekten-gelecege-anadolu-ruzgari-temali-sokak-festivali-basladi","status":"publish","type":"post","link":"https:\/\/www.haberkartal.tr\/tr-int\/tuzla\/tuzlada-gelenekten-gelecege-anadolu-ruzgari-temali-sokak-festivali-basladi\/13255\/","title":{"rendered":"Tuzla&#8217;da &#8220;Gelenekten Gelece\u011fe Anadolu R\u00fczgar\u0131&#8221; temal\u0131 sokak festivali ba\u015flad\u0131"},"content":{"rendered":"<p>Tuzla\u2019da el eme\u011fi \u00fcr\u00fcnlerin sergilendi\u011fi \u2018Sokak Festivali\u2019 ba\u015flad\u0131. Tuzla Halk E\u011fitim Merkezi M\u00fcd\u00fcrl\u00fc\u011f\u00fc\u2019n\u00fcn deste\u011fi ile Cumhuriyet Kad\u0131nlar\u0131 Derne\u011fi, G\u00f6kku\u015fa\u011f\u0131 Sanat At\u00f6lyesi ve \u00d6zg\u00fcr Sanat Evi\u2019nin d\u00fczenledi\u011fi \u201cGelenekten Gelece\u011fe Anadolu R\u00fczgar\u0131\u201d temal\u0131 sene sonu sergisi ve Sanat Festivali ba\u015flad\u0131. Tuzla Belediyesi taraf\u0131ndan koruma alt\u0131na al\u0131nan 40 pafta b\u00f6lgesinin ara sokaklar\u0131na kurulan festivalin a\u00e7\u0131l\u0131\u015f\u0131na Tuzla Belediye Ba\u015fkan\u0131 Dr. \u015eadi Yaz\u0131c\u0131 da kat\u0131ld\u0131. Festivalde G\u00f6kku\u015fa\u011f\u0131 Sanat At\u00f6lyesi ve \u00d6zg\u00fcr Sanat Evi\u2019nde \u00fcretilen el eme\u011fi \u00fcr\u00fcnler sergilenmeye ba\u015fland\u0131. 10 Haziran Cuma g\u00fcn\u00fc son bulacak festivale \u0130stanbullu vatanda\u015flar yo\u011fun ilgi g\u00f6steriyor.<\/p>\n<p><img loading=\"lazy\" decoding=\"async\" src=\"https:\/\/haberkartal.com\/wp-content\/uploads\/2022\/06\/tuzla2.jpg\" alt=\"\" width=\"900\" height=\"599\" class=\"alignnone size-full wp-image-13258\" srcset=\"https:\/\/www.haberkartal.tr\/tr-int\/wp-content\/uploads\/2022\/06\/tuzla2.jpg 900w, https:\/\/www.haberkartal.tr\/tr-int\/wp-content\/uploads\/2022\/06\/tuzla2-300x200.jpg 300w, https:\/\/www.haberkartal.tr\/tr-int\/wp-content\/uploads\/2022\/06\/tuzla2-768x511.jpg 768w, https:\/\/www.haberkartal.tr\/tr-int\/wp-content\/uploads\/2022\/06\/tuzla2-282x188.jpg 282w\" sizes=\"auto, (max-width: 900px) 100vw, 900px\" \/><\/p>\n<p><strong>\u201cTUZLA\u2019YI B\u0130RL\u0130KTE G\u00dcZELLE\u015eT\u0130RECE\u011e\u0130Z\u201d<\/strong><\/p>\n<p>Tuzla Belediye Ba\u015fkan\u0131 Dr. \u015eadi Yaz\u0131c\u0131,\u201d Tuzla\u2019da Sanat Soka\u011f\u0131m\u0131zda 3 tane sanat merkezimizin bir araya gelerek yapm\u0131\u015f olduklar\u0131 g\u00fczel bir organizasyonda birlikteyiz. Tuzla\u2019daki bu birliktelik bizim \u00e7ok ho\u015fumuza gidiyor. Tuzla Belediyesi olarak deste\u011fimiz ne kadar olursa olsun as\u0131l k\u0131ymetli olan onlar\u0131n \u00e7al\u0131\u015fmalar\u0131d\u0131r. Tuzla\u2019da sanat soka\u011f\u0131 kavram\u0131n\u0131 yerle\u015ftiren t\u00fcm han\u0131mefendilere te\u015fekk\u00fcr ediyorum. Sanat galerilerini ve sanat i\u00e7in \u00e7al\u0131\u015fan t\u00fcm han\u0131mefendilere y\u00fcrekten te\u015fekk\u00fcr ediyorum. Ger\u00e7ekten bizim de\u011fil onlar\u0131n yapt\u0131\u011f\u0131 eserler ile \u00f6v\u00fcn\u00fcyoruz. Onlar\u0131n yapt\u0131\u011f\u0131 bu eserler kad\u0131n\u0131n nezaketi, letafeti ve merhametiyle ortaya \u00e7\u0131kard\u0131klar\u0131 eserlerin yan\u0131 s\u0131ra 365 g\u00fcn burada at\u00f6lyelerde muhte\u015fem i\u015fler yap\u0131yorlar. Tuzla\u2019y\u0131 birlikte g\u00fczelle\u015ftiriyoruz\u201d dedi.<\/p>\n","protected":false},"excerpt":{"rendered":"<p>Tuzla Halk E\u011fitim Merkezi M\u00fcd\u00fcrl\u00fc\u011f\u00fc\u2019n\u00fcn deste\u011fi ile Cumhuriyet Kad\u0131nlar\u0131 Derne\u011fi, G\u00f6kku\u015fa\u011f\u0131 Sanat At\u00f6lyesi ve \u00d6zg\u00fcr Sanat Evi\u2019nin d\u00fczenledi\u011fi \u201cGelenekten Gelece\u011fe Anadolu R\u00fczgar\u0131\u201d temal\u0131 sene sonu sergisi ve Sanat Festivali ba\u015flad\u0131. Tuzla Belediye Ba\u015fkan\u0131 Dr. \u015eadi Yaz\u0131c\u0131 da a\u00e7\u0131l\u0131\u015f program\u0131na kat\u0131larak stantlar\u0131 tek tek gezdi.<\/p>\n","protected":false},"author":8,"featured_media":13257,"comment_status":"open","ping_status":"open","sticky":false,"template":"","format":"standard","meta":{"footnotes":""},"categories":[6],"tags":[142,541,98,128],"class_list":["post-13255","post","type-post","status-publish","format-standard","has-post-thumbnail","hentry","category-tuzla","tag-festival","tag-manset","tag-sadi-yazici","tag-tuzla"],"_links":{"self":[{"href":"https:\/\/www.haberkartal.tr\/tr-int\/wp-json\/wp\/v2\/posts\/13255","targetHints":{"allow":["GET"]}}],"collection":[{"href":"https:\/\/www.haberkartal.tr\/tr-int\/wp-json\/wp\/v2\/posts"}],"about":[{"href":"https:\/\/www.haberkartal.tr\/tr-int\/wp-json\/wp\/v2\/types\/post"}],"author":[{"embeddable":true,"href":"https:\/\/www.haberkartal.tr\/tr-int\/wp-json\/wp\/v2\/users\/8"}],"replies":[{"embeddable":true,"href":"https:\/\/www.haberkartal.tr\/tr-int\/wp-json\/wp\/v2\/comments?post=13255"}],"version-history":[{"count":1,"href":"https:\/\/www.haberkartal.tr\/tr-int\/wp-json\/wp\/v2\/posts\/13255\/revisions"}],"predecessor-version":[{"id":13259,"href":"https:\/\/www.haberkartal.tr\/tr-int\/wp-json\/wp\/v2\/posts\/13255\/revisions\/13259"}],"wp:featuredmedia":[{"embeddable":true,"href":"https:\/\/www.haberkartal.tr\/tr-int\/wp-json\/wp\/v2\/media\/13257"}],"wp:attachment":[{"href":"https:\/\/www.haberkartal.tr\/tr-int\/wp-json\/wp\/v2\/media?parent=13255"}],"wp:term":[{"taxonomy":"category","embeddable":true,"href":"https:\/\/www.haberkartal.tr\/tr-int\/wp-json\/wp\/v2\/categories?post=13255"},{"taxonomy":"post_tag","embeddable":true,"href":"https:\/\/www.haberkartal.tr\/tr-int\/wp-json\/wp\/v2\/tags?post=13255"}],"curies":[{"name":"wp","href":"https:\/\/api.w.org\/{rel}","templated":true}]}}