{"id":13917,"date":"2022-07-01T10:06:33","date_gmt":"2022-07-01T07:06:33","guid":{"rendered":"https:\/\/haberkartal.com\/?p=13917"},"modified":"2022-07-01T10:06:33","modified_gmt":"2022-07-01T07:06:33","slug":"eski-sevgilisini-kacirmaya-calisan-supheliye-esnaf-engel-oldu","status":"publish","type":"post","link":"https:\/\/www.haberkartal.tr\/tr-int\/kadikoy\/eski-sevgilisini-kacirmaya-calisan-supheliye-esnaf-engel-oldu\/13917\/","title":{"rendered":"Eski sevgilisini ka\u00e7\u0131rmaya \u00e7al\u0131\u015fan \u015f\u00fcpheliye esnaf engel oldu"},"content":{"rendered":"<p>Kad\u0131k\u00f6y&#8217;de eski sevgilisinden ayr\u0131lan \u00c7.G. isimli kad\u0131n arkada\u015f\u0131 B.B.K. evine ta\u015f\u0131nd\u0131. \u0130ddiaya g\u00f6re, ge\u00e7en pazartesi g\u00fcn\u00fc 22.00 s\u0131ralar\u0131nda eski sevgilisinin kald\u0131\u011f\u0131 eve gelen M.T tehdit ve hakaretler savurarak eve zarar verdi. Bir s\u00fcre sonra evden ayr\u0131lan M.T sal\u0131 g\u00fcn\u00fc sabah saatlerinde tekrar \u00c7.G.&#8217;nin kald\u0131\u011f\u0131 eve geldi. Zorla eve giren sald\u0131rgan \u00c7.G.\u2019yi darp ederek  d\u0131\u015far\u0131 \u00e7\u0131kard\u0131. Sald\u0131rgan ,kolundan tuttu\u011fu kad\u0131n\u0131 yol boyunca s\u00fcr\u00fckleyerek soka\u011f\u0131n ba\u015f\u0131nda bekleyen taksiye zorla bindirmeye \u00e7al\u0131\u015ft\u0131. \u00c7.G.&#8217;nin yard\u0131m \u00e7\u0131\u011fl\u0131klar\u0131n\u0131 duyan \u00e7evredeki esnaf yard\u0131ma ko\u015ftu. \u00c7evredekiler kad\u0131n\u0131n taksiye bindirilmesine engel olarak polise haber verdi. Olay yerine gelen polis ekipleri \u015f\u00fcpheli M.T.&#8217;yi  g\u00f6zalt\u0131na ald\u0131. Olay yerinde yap\u0131lan incelemede ise \u015f\u00fcpheliye ait oldu\u011fu \u00f6\u011frenilen bir b\u0131\u00e7ak ele ge\u00e7irildi.<\/p>\n<p><img loading=\"lazy\" decoding=\"async\" src=\"https:\/\/haberkartal.com\/wp-content\/uploads\/2022\/07\/kadikoy3.jpg\" alt=\"\" width=\"900\" height=\"749\" class=\"alignnone size-full wp-image-13921\" srcset=\"https:\/\/www.haberkartal.tr\/tr-int\/wp-content\/uploads\/2022\/07\/kadikoy3.jpg 900w, https:\/\/www.haberkartal.tr\/tr-int\/wp-content\/uploads\/2022\/07\/kadikoy3-300x250.jpg 300w, https:\/\/www.haberkartal.tr\/tr-int\/wp-content\/uploads\/2022\/07\/kadikoy3-768x639.jpg 768w\" sizes=\"auto, (max-width: 900px) 100vw, 900px\" \/><\/p>\n<p><strong>&#8220;YARDIM \u00c7I\u011eLIKLARI DUYDUM&#8221;<\/strong><\/p>\n<p>Esnaf Ali Osman Filiz &#8220;Sabah saatlerinde d\u0131\u015far\u0131dan yard\u0131m \u00e7\u0131\u011fl\u0131klar\u0131 duydum. Gen\u00e7 bir kad\u0131n\u0131n evinden zorla \u00e7\u0131kart\u0131larak,taksiye bindirilmek istenmesine \u015fahit olduk. Di\u011fer esnaf arkada\u015flarla olaya m\u00fcdahil olduk. Bende 4 k\u0131z babas\u0131y\u0131m,kendi evlad\u0131m\u0131z gibi sald\u0131rgan\u0131n elinden ald\u0131k.Polisler gelerek g\u00f6zalt\u0131na ald\u0131.&#8221;dedi <\/p>\n<p>Esnaf Yal\u00e7\u0131n Y\u0131ld\u0131r\u0131m ise &#8220;Kad\u0131n\u0131n kolundan \u00e7ekilerek zorla taksiye bindirilmek istendi.\u00c7evredeki esnaflarda kad\u0131na yard\u0131mc\u0131 oldu. Adam\u0131n birka\u00e7 kez kad\u0131n\u0131 darp etmeye \u00e7al\u0131\u015fm\u0131\u015f.Kad\u0131n\u0131 ka\u00e7\u0131rmaya \u00e7al\u0131\u015fm\u0131\u015f,taksici de gitmemi\u015f. B\u00fct\u00fcn esnaf kad\u0131na yard\u0131m etti&#8221; diye konu\u015ftu. Emniyetteki i\u015flemlerinin ard\u0131ndan adliyeye sevk edilen M.T tutuklanarak cezaevine g\u00f6nderildi. <\/p>\n","protected":false},"excerpt":{"rendered":"<p>Kad\u0131k\u00f6y\u2019de eski sevgilisinin kald\u0131\u011f\u0131 evden zorla d\u0131\u015far\u0131 \u00e7\u0131karan \u015f\u00fcpheli, geldi\u011fi taksiyle ka\u00e7\u0131rmaya \u00e7al\u0131\u015ft\u0131.Taksiye binmek istemeyen kad\u0131n\u0131n \u00e7\u0131\u011fl\u0131kl\u0131lar\u0131n\u0131 duyan \u00e7evredekiler yard\u0131ma ko\u015ftu. O anlar \u00e7evredeki i\u015f yerinin g\u00fcvenlik kameras\u0131na yans\u0131d\u0131.<\/p>\n","protected":false},"author":8,"featured_media":13919,"comment_status":"open","ping_status":"open","sticky":false,"template":"","format":"standard","meta":{"footnotes":""},"categories":[8],"tags":[],"class_list":["post-13917","post","type-post","status-publish","format-standard","has-post-thumbnail","hentry","category-kadikoy"],"_links":{"self":[{"href":"https:\/\/www.haberkartal.tr\/tr-int\/wp-json\/wp\/v2\/posts\/13917","targetHints":{"allow":["GET"]}}],"collection":[{"href":"https:\/\/www.haberkartal.tr\/tr-int\/wp-json\/wp\/v2\/posts"}],"about":[{"href":"https:\/\/www.haberkartal.tr\/tr-int\/wp-json\/wp\/v2\/types\/post"}],"author":[{"embeddable":true,"href":"https:\/\/www.haberkartal.tr\/tr-int\/wp-json\/wp\/v2\/users\/8"}],"replies":[{"embeddable":true,"href":"https:\/\/www.haberkartal.tr\/tr-int\/wp-json\/wp\/v2\/comments?post=13917"}],"version-history":[{"count":1,"href":"https:\/\/www.haberkartal.tr\/tr-int\/wp-json\/wp\/v2\/posts\/13917\/revisions"}],"predecessor-version":[{"id":13922,"href":"https:\/\/www.haberkartal.tr\/tr-int\/wp-json\/wp\/v2\/posts\/13917\/revisions\/13922"}],"wp:featuredmedia":[{"embeddable":true,"href":"https:\/\/www.haberkartal.tr\/tr-int\/wp-json\/wp\/v2\/media\/13919"}],"wp:attachment":[{"href":"https:\/\/www.haberkartal.tr\/tr-int\/wp-json\/wp\/v2\/media?parent=13917"}],"wp:term":[{"taxonomy":"category","embeddable":true,"href":"https:\/\/www.haberkartal.tr\/tr-int\/wp-json\/wp\/v2\/categories?post=13917"},{"taxonomy":"post_tag","embeddable":true,"href":"https:\/\/www.haberkartal.tr\/tr-int\/wp-json\/wp\/v2\/tags?post=13917"}],"curies":[{"name":"wp","href":"https:\/\/api.w.org\/{rel}","templated":true}]}}