{"id":15179,"date":"2022-08-16T19:34:35","date_gmt":"2022-08-16T16:34:35","guid":{"rendered":"https:\/\/haberkartal.com\/?p=15179"},"modified":"2022-08-16T19:34:35","modified_gmt":"2022-08-16T16:34:35","slug":"tuzlada-okullar-yeni-egitim-ogretim-donemine-hazirlaniyor","status":"publish","type":"post","link":"https:\/\/www.haberkartal.tr\/tr-int\/tuzla\/tuzlada-okullar-yeni-egitim-ogretim-donemine-hazirlaniyor\/15179\/","title":{"rendered":"Tuzla\u2019da okullar yeni e\u011fitim \u00f6\u011fretim d\u00f6nemine haz\u0131rlan\u0131yor"},"content":{"rendered":"<p>Ekipler okullar\u0131 tek tek gezerek, s\u0131n\u0131flar ba\u015fta olmak \u00fczere koridorlar, tuvaletler, kap\u0131lar gibi temas y\u00fczeyi olan t\u00fcm noktalar\u0131 temizliyor. Ayr\u0131ca temas y\u00fczeyi olu\u015fturabilecek t\u00fcm alanlar ozon y\u0131kama y\u00f6ntemi ile dezenfekte ediliyor. \u00c7al\u0131\u015fmalar\u0131n k\u0131sa s\u00fcrede tamamlanmas\u0131 hedefleniyor.<\/p>\n<p><strong>\u201cB\u00dcY\u00dcK B\u0130R HEYECAN \u0130\u00c7ER\u0130S\u0130NDEY\u0130Z\u201d<\/strong><\/p>\n<p>Haz\u0131rl\u0131k \u00e7al\u0131\u015fmalar\u0131na y\u00f6nelik konu\u015fan Tuzla Ahmet Yesevi Anadolu Lisesi M\u00fcd\u00fcr\u00fc Emin Ferit Peker, \u201c2022-2023 E\u011fitim \u00d6\u011fretim y\u0131l\u0131 haz\u0131rl\u0131klar\u0131m\u0131z b\u00fcy\u00fck bir h\u0131zla devam ediyor. \u00d6\u011frencilerimiz okula ba\u015flamak i\u00e7in ne kadar heyecan duyuyorlarsa biz de onlar kadar okulumuzu haz\u0131rlamak ve onlar\u0131 okulumuzda g\u00f6rmekten \u00e7ok mutlu olaca\u011f\u0131z. B\u00fcy\u00fck bir heyecan i\u00e7erisindeyiz. \u00c7al\u0131\u015fmalar\u0131m\u0131z bu heyecan i\u00e7erisinde devam ediyor. Tuzla\u2019n\u0131n e\u011fitim kenti olmas\u0131nda b\u00fcy\u00fck emek harcayan ba\u015fta belediye ba\u015fkan\u0131m\u0131z Dr. \u015eadi Yaz\u0131c\u0131 olmak \u00fczere b\u00fct\u00fcn belediye personeline te\u015fekk\u00fcr ederiz. Her zaman oldu\u011fu gibi belediyemiz okullar\u0131m\u0131z\u0131n hizmetinde. Nerede eksi\u011fimiz varsa hemen yard\u0131m istiyoruz ve  her zaman bizlere destek oluyorlar\u201d dedi.<\/p>\n","protected":false},"excerpt":{"rendered":"<p>Tuzla Belediyesi ekipleri, 12 Eyl\u00fcl\u2019de ba\u015flayacak 2022-2023 e\u011fitim ve \u00f6\u011fretim d\u00f6nemi \u00f6ncesinde il\u00e7e genelinde bulunan okullar\u0131n temizlik \u00e7al\u0131\u015fmalar\u0131n\u0131 tamaml\u0131yor. <\/p>\n","protected":false},"author":8,"featured_media":15181,"comment_status":"open","ping_status":"open","sticky":false,"template":"","format":"standard","meta":{"footnotes":""},"categories":[6],"tags":[111,541,2091,227,98],"class_list":["post-15179","post","type-post","status-publish","format-standard","has-post-thumbnail","hentry","category-tuzla","tag-egitim","tag-manset","tag-ogretim","tag-okul","tag-sadi-yazici"],"_links":{"self":[{"href":"https:\/\/www.haberkartal.tr\/tr-int\/wp-json\/wp\/v2\/posts\/15179","targetHints":{"allow":["GET"]}}],"collection":[{"href":"https:\/\/www.haberkartal.tr\/tr-int\/wp-json\/wp\/v2\/posts"}],"about":[{"href":"https:\/\/www.haberkartal.tr\/tr-int\/wp-json\/wp\/v2\/types\/post"}],"author":[{"embeddable":true,"href":"https:\/\/www.haberkartal.tr\/tr-int\/wp-json\/wp\/v2\/users\/8"}],"replies":[{"embeddable":true,"href":"https:\/\/www.haberkartal.tr\/tr-int\/wp-json\/wp\/v2\/comments?post=15179"}],"version-history":[{"count":1,"href":"https:\/\/www.haberkartal.tr\/tr-int\/wp-json\/wp\/v2\/posts\/15179\/revisions"}],"predecessor-version":[{"id":15182,"href":"https:\/\/www.haberkartal.tr\/tr-int\/wp-json\/wp\/v2\/posts\/15179\/revisions\/15182"}],"wp:featuredmedia":[{"embeddable":true,"href":"https:\/\/www.haberkartal.tr\/tr-int\/wp-json\/wp\/v2\/media\/15181"}],"wp:attachment":[{"href":"https:\/\/www.haberkartal.tr\/tr-int\/wp-json\/wp\/v2\/media?parent=15179"}],"wp:term":[{"taxonomy":"category","embeddable":true,"href":"https:\/\/www.haberkartal.tr\/tr-int\/wp-json\/wp\/v2\/categories?post=15179"},{"taxonomy":"post_tag","embeddable":true,"href":"https:\/\/www.haberkartal.tr\/tr-int\/wp-json\/wp\/v2\/tags?post=15179"}],"curies":[{"name":"wp","href":"https:\/\/api.w.org\/{rel}","templated":true}]}}