{"id":15886,"date":"2022-09-10T17:36:32","date_gmt":"2022-09-10T14:36:32","guid":{"rendered":"https:\/\/haberkartal.com\/?p=15886"},"modified":"2022-09-10T17:36:32","modified_gmt":"2022-09-10T14:36:32","slug":"hali-asma-tartismasi-cinayetle-sonuclandi","status":"publish","type":"post","link":"https:\/\/www.haberkartal.tr\/tr-int\/istanbul\/hali-asma-tartismasi-cinayetle-sonuclandi\/15886\/","title":{"rendered":"Hal\u0131 asma tart\u0131\u015fmas\u0131 cinayetle sonu\u00e7land\u0131"},"content":{"rendered":"<p>Olay d\u00fcn saat 18:00 s\u0131ralar\u0131nda Sancaktepe Osmangazi Mahallesi Karaku\u015f Sokak&#8217;ta bulunan iki katl\u0131 binada meydana geldi. \u0130ddiaya g\u00f6re, ikinci katta oturan ev sahibi Adem Ebik ve e\u015finin y\u0131kad\u0131klar\u0131 hal\u0131y\u0131 evin balkonundan a\u015fa\u011f\u0131ya ast\u0131. Alt kattaki kirac\u0131 Refai Karaman evinin balkonuna su girmesi nedeniyle rahats\u0131z olunca hal\u0131y\u0131 \u00e7ekerek a\u015fa\u011f\u0131ya att\u0131. Durumu fark eden ev sahibi Adem Ebik ile Refai Karaman aralar\u0131nda  tart\u0131\u015fma \u00e7\u0131kt\u0131. Tart\u0131\u015fman\u0131n ard\u0131ndan Refai Karaman evinden ald\u0131\u011f\u0131 silahla balkondan Adem Ebik&#8217;e ate\u015f ederek kolundan yaralad\u0131. Adem Ebik yaraland\u0131ktan sonra evine gidince, h\u0131rs\u0131n\u0131 alamayan kirac\u0131 Refai Karaman silahla kap\u0131y\u0131 zorlayarak ev sahibinin evine girdi. Yatak odas\u0131nda bulunan olaydan habersiz Muhammet Ebik&#8217;i (24) silah\u0131yla g\u00f6\u011fs\u00fcnden vurdu. Ebik kanlar i\u00e7erisinde yere y\u0131\u011f\u0131ld\u0131. \u0130hbar \u00fczerine olay yerine olay yerine polis ve sa\u011fl\u0131k ekipleri sevk edildi. <\/p>\n<p>Olay yerine gelen polis ekipleri, Karaman&#8217;\u0131 olay yerinde g\u00f6zalt\u0131na alarak polis merkezine g\u00f6t\u00fcr\u00fcld\u00fc. Sa\u011fl\u0131k ekipleri, Muhammet Ebik&#8217;e yapt\u0131\u011f\u0131 ilk m\u00fcdahalenin ard\u0131ndan olay yerinde hayat\u0131n\u0131 kaybetti\u011fini tespit etti. Kolundan yaralanan baba Adem Ebik hastaneye kald\u0131r\u0131larak tedavi alt\u0131na al\u0131nd\u0131. Ekipler binan\u0131n bulundu\u011fu soka\u011fa \u015ferit \u00e7ekerek \u00e7evrede \u00f6nlem ald\u0131. Savc\u0131 ve olay yeri inceleme ekipleri olay\u0131n ger\u00e7ekle\u015fti\u011fi binada incelemede bulundu. Muhammet Ebik&#8217;in cans\u0131z bedeni incelemelerin ard\u0131ndan otopsi i\u015flemleri i\u00e7in Adli T\u0131p Kurumu morguna kald\u0131r\u0131ld\u0131. Haberi alan Ebik&#8217;in yak\u0131nlar\u0131 evin \u00f6n\u00fcnde sinir krizleri ge\u00e7irdi. <\/p>\n<p> Mahalle sakini Murat Rengi, &#8220;Hal\u0131 silkeleme  davas\u0131ym\u0131\u015f. \u00d6nce bir diyalog ya\u015fam\u0131\u015flar. Yukar\u0131dan mermiyi s\u0131k\u0131yor, babas\u0131n\u0131n koluna geliyor. Daha sonra \u00e7ocu\u011fu \u00e7\u0131k\u0131yor d\u0131\u015far\u0131ya&#8221; dedi. \u00d6te yandan sald\u0131rgan Refai Karaman&#8217;\u0131n \u00f6zel g\u00fcvenlik g\u00f6revlisi oldu\u011fu ve 24 ya\u015f\u0131ndaki Muhammet Ebik&#8217;in cenazesinin yar\u0131n Karab\u00fck&#8217;te topra\u011fa verilece\u011fi \u00f6\u011frenildi.<\/p>\n<p>Polisin olayla ilgili soru\u015fturmas\u0131 s\u00fcr\u00fcyor.<\/p>\n","protected":false},"excerpt":{"rendered":"<p>Sancaktepe&#8217;de balkona as\u0131lan hal\u0131 nedeniyle \u00e7\u0131kan  tart\u0131\u015fmada bir ki\u015fi yaraland\u0131, bir ki\u015fi ise hayat\u0131n\u0131 kaybetti.<\/p>\n","protected":false},"author":8,"featured_media":15888,"comment_status":"open","ping_status":"open","sticky":false,"template":"","format":"standard","meta":{"footnotes":""},"categories":[42],"tags":[1291,541,232],"class_list":["post-15886","post","type-post","status-publish","format-standard","has-post-thumbnail","hentry","category-istanbul","tag-cinayet","tag-manset","tag-sancaktepe"],"_links":{"self":[{"href":"https:\/\/www.haberkartal.tr\/tr-int\/wp-json\/wp\/v2\/posts\/15886","targetHints":{"allow":["GET"]}}],"collection":[{"href":"https:\/\/www.haberkartal.tr\/tr-int\/wp-json\/wp\/v2\/posts"}],"about":[{"href":"https:\/\/www.haberkartal.tr\/tr-int\/wp-json\/wp\/v2\/types\/post"}],"author":[{"embeddable":true,"href":"https:\/\/www.haberkartal.tr\/tr-int\/wp-json\/wp\/v2\/users\/8"}],"replies":[{"embeddable":true,"href":"https:\/\/www.haberkartal.tr\/tr-int\/wp-json\/wp\/v2\/comments?post=15886"}],"version-history":[{"count":1,"href":"https:\/\/www.haberkartal.tr\/tr-int\/wp-json\/wp\/v2\/posts\/15886\/revisions"}],"predecessor-version":[{"id":15890,"href":"https:\/\/www.haberkartal.tr\/tr-int\/wp-json\/wp\/v2\/posts\/15886\/revisions\/15890"}],"wp:featuredmedia":[{"embeddable":true,"href":"https:\/\/www.haberkartal.tr\/tr-int\/wp-json\/wp\/v2\/media\/15888"}],"wp:attachment":[{"href":"https:\/\/www.haberkartal.tr\/tr-int\/wp-json\/wp\/v2\/media?parent=15886"}],"wp:term":[{"taxonomy":"category","embeddable":true,"href":"https:\/\/www.haberkartal.tr\/tr-int\/wp-json\/wp\/v2\/categories?post=15886"},{"taxonomy":"post_tag","embeddable":true,"href":"https:\/\/www.haberkartal.tr\/tr-int\/wp-json\/wp\/v2\/tags?post=15886"}],"curies":[{"name":"wp","href":"https:\/\/api.w.org\/{rel}","templated":true}]}}