{"id":16118,"date":"2022-09-16T10:47:44","date_gmt":"2022-09-16T07:47:44","guid":{"rendered":"https:\/\/haberkartal.com\/?p=16118"},"modified":"2022-09-16T10:47:44","modified_gmt":"2022-09-16T07:47:44","slug":"istanbuldaki-50-bin-sosyal-konutun-20-bini-tuzlaya-yapilacak","status":"publish","type":"post","link":"https:\/\/www.haberkartal.tr\/tr-int\/tuzla\/istanbuldaki-50-bin-sosyal-konutun-20-bini-tuzlaya-yapilacak\/16118\/","title":{"rendered":"\u0130stanbul\u2019daki 50 bin sosyal konutun 20 bini Tuzla\u2019ya yap\u0131lacak"},"content":{"rendered":"<p>Yaz\u0131c\u0131 burada yapt\u0131\u011f\u0131 a\u00e7\u0131klamada, \u201cCumhurba\u015fkan\u0131m\u0131z\u0131n a\u00e7\u0131klad\u0131\u011f\u0131 sosyal konut projesi; d\u00fcnyan\u0131n en sosyal devletinin, T\u00fcrkiye oldu\u011funun bir kez daha ilan\u0131d\u0131r. \u0130stihdam odakl\u0131 ekonomik politikalar, \u00fcniversite \u00f6\u011frencilerimiz i\u00e7in a\u00e7\u0131lan yurtlar, asgari \u00fccret d\u00fczenlemeleri, tar\u0131msal \u00fcr\u00fcn destekleri ve onlarca sosyal uygulamaya eklenen bu hizmet halkas\u0131 e\u015fsiz bir sosyal devlet uygulamas\u0131d\u0131r. Sosyal devlet oldu\u011funu iddia eden pek \u00e7ok devletin hayal bile edemeyece\u011fi bu b\u00fcy\u00fck i\u015fe imza atan \u00fclkemle, devletimle, h\u00fck\u00fcmetimizle ve liderimiz Recep Tayyip Erdo\u011fan\u2019la gurur duyuyorum\u201d dedi.<\/p>\n<p><strong>250\u2019DEN FAZLA SEKT\u00d6R HAREKETLENECEK<\/strong><\/p>\n<p>Heyecan duyduklar\u0131n\u0131 ifade eden Yaz\u0131c\u0131, \u201c\u015eehit yak\u0131n\u0131 ve gaziler, engelliler, emekliler, gen\u00e7ler ve daha \u00f6nce ev sahibi olmayan dar gelirli vatanda\u015flar\u0131m\u0131za sunulan bu imkan t\u00fcm T\u00fcrkiye i\u00e7in \u00e7ok say\u0131da fayday\u0131 da beraberinde getirecek. Pandemi ve k\u00fcresel ekonomik kriz nedeniyle konut \u00fcretimindeki daralman\u0131n etkisiyle y\u00fckselen ev fiyatlar\u0131 ve kiralar kontrol alt\u0131na al\u0131naca\u011f\u0131ndan, proje hem konut alacaklara hem kirac\u0131lara fayda sunacak. On binlerce vatanda\u015f\u0131m\u0131z istihdam imkan\u0131 bulacak. Konut projeleri 250\u2019nin \u00fczerinde sekt\u00f6r\u00fc harekete ge\u00e7irdi\u011finden \u00fclke ekonomisinin \u00e7arklar\u0131 daha sa\u011flam d\u00f6nmeye ba\u015flayacak. Bizi en \u00e7ok heyecanland\u0131ran ise Tuzla\u2019n\u0131n parlayan y\u0131ld\u0131z\u0131n\u0131n daha da parlayacak olmas\u0131\u201d diye konu\u015ftu.<\/p>\n<p><img loading=\"lazy\" decoding=\"async\" src=\"https:\/\/haberkartal.com\/wp-content\/uploads\/2022\/09\/sadi3.jpg\" alt=\"\" width=\"900\" height=\"506\" class=\"alignnone size-full wp-image-16122\" srcset=\"https:\/\/www.haberkartal.tr\/tr-int\/wp-content\/uploads\/2022\/09\/sadi3.jpg 900w, https:\/\/www.haberkartal.tr\/tr-int\/wp-content\/uploads\/2022\/09\/sadi3-300x169.jpg 300w, https:\/\/www.haberkartal.tr\/tr-int\/wp-content\/uploads\/2022\/09\/sadi3-768x432.jpg 768w\" sizes=\"auto, (max-width: 900px) 100vw, 900px\" \/><\/p>\n<p><strong>\u201cTUZLAMIZ ARTIK EN PARLAYAN YILDIZ\u201d<\/strong><\/p>\n<p>Yaz\u0131c\u0131, \u201cTuzlam\u0131zda 20 bin 920 konutun yap\u0131lmas\u0131 demek yeni bir \u015fehir kurulmas\u0131 demek. Halihaz\u0131rdaki \u015fehrimizle bu yeni \u015fehri biz entegre edece\u011fiz. Art\u0131k Tuzla \u0130stanbul\u2019un parlayan y\u0131ld\u0131z\u0131 de\u011fil, en parlayan y\u0131ld\u0131z\u0131 olacak. Eminim ki hali haz\u0131rda bulunan \u015fehrimize, yeni olu\u015facak \u015fehrimizin de ula\u015f\u0131m alt yap\u0131 d\u00e2hil olmak \u00fczere en iyi \u015fekilde entegrasyonunu sa\u011flayacak hem \u00fclkemizin hem \u0130stanbul\u2019un hem de Tuzla\u2019n\u0131n kazanaca\u011f\u0131 muhte\u015fem bir projedir. Bu projeyi bir f\u0131rsat olarak de\u011ferlendirmek ve Tuzla\u2019y\u0131 \u0130stanbul\u2019un g\u00f6rkemli \u015fehir merkezlerinden birine d\u00f6n\u00fc\u015ft\u00fcrmek arzusunday\u0131z. Eme\u011fi ge\u00e7en ba\u015fta Say\u0131n Cumhurba\u015fkan\u0131m\u0131z olmak \u00fczere \u00c7evre, \u015eehircilik ve \u0130klim De\u011fi\u015fikli\u011fi Bakan\u0131m\u0131z Murat Kurum\u2019a te\u015fekk\u00fcr ediyorum\u201d ifadelerini kulland\u0131.  <\/p>\n","protected":false},"excerpt":{"rendered":"<p>Cumhurba\u015fkan\u0131 Recep Tayyip Erdo\u011fan taraf\u0131ndan a\u00e7\u0131klanan sosyal konut projesinde 20 bin konut Tuzla\u2019ya yap\u0131lacak. Ayd\u0131nl\u0131 Mahallesi\u2019nde bulunan Kona\u015fl\u0131 Mevkiine yap\u0131lacak sosyal konut alan\u0131nda incelemelerde bulunan Tuzla Belediye Ba\u015fkan\u0131 Dr. \u015eadi Yaz\u0131c\u0131, \u201cB\u00fcy\u00fck i\u015fe imza atan \u00fclkemle, devletimle, h\u00fck\u00fcmetimizle ve liderimiz Recep Tayyip Erdo\u011fan\u2019la gurur duyuyorum\u201d dedi.<\/p>\n","protected":false},"author":8,"featured_media":16120,"comment_status":"open","ping_status":"open","sticky":false,"template":"","format":"standard","meta":{"footnotes":""},"categories":[6],"tags":[534,761,541,98,128],"class_list":["post-16118","post","type-post","status-publish","format-standard","has-post-thumbnail","hentry","category-tuzla","tag-ev","tag-konut","tag-manset","tag-sadi-yazici","tag-tuzla"],"_links":{"self":[{"href":"https:\/\/www.haberkartal.tr\/tr-int\/wp-json\/wp\/v2\/posts\/16118","targetHints":{"allow":["GET"]}}],"collection":[{"href":"https:\/\/www.haberkartal.tr\/tr-int\/wp-json\/wp\/v2\/posts"}],"about":[{"href":"https:\/\/www.haberkartal.tr\/tr-int\/wp-json\/wp\/v2\/types\/post"}],"author":[{"embeddable":true,"href":"https:\/\/www.haberkartal.tr\/tr-int\/wp-json\/wp\/v2\/users\/8"}],"replies":[{"embeddable":true,"href":"https:\/\/www.haberkartal.tr\/tr-int\/wp-json\/wp\/v2\/comments?post=16118"}],"version-history":[{"count":1,"href":"https:\/\/www.haberkartal.tr\/tr-int\/wp-json\/wp\/v2\/posts\/16118\/revisions"}],"predecessor-version":[{"id":16123,"href":"https:\/\/www.haberkartal.tr\/tr-int\/wp-json\/wp\/v2\/posts\/16118\/revisions\/16123"}],"wp:featuredmedia":[{"embeddable":true,"href":"https:\/\/www.haberkartal.tr\/tr-int\/wp-json\/wp\/v2\/media\/16120"}],"wp:attachment":[{"href":"https:\/\/www.haberkartal.tr\/tr-int\/wp-json\/wp\/v2\/media?parent=16118"}],"wp:term":[{"taxonomy":"category","embeddable":true,"href":"https:\/\/www.haberkartal.tr\/tr-int\/wp-json\/wp\/v2\/categories?post=16118"},{"taxonomy":"post_tag","embeddable":true,"href":"https:\/\/www.haberkartal.tr\/tr-int\/wp-json\/wp\/v2\/tags?post=16118"}],"curies":[{"name":"wp","href":"https:\/\/api.w.org\/{rel}","templated":true}]}}