{"id":16239,"date":"2022-09-20T00:06:29","date_gmt":"2022-09-19T21:06:29","guid":{"rendered":"https:\/\/haberkartal.com\/?p=16239"},"modified":"2022-09-20T00:06:29","modified_gmt":"2022-09-19T21:06:29","slug":"yogurtcu-parkinda-buyuk-degisim","status":"publish","type":"post","link":"https:\/\/www.haberkartal.tr\/tr-int\/istanbul\/yogurtcu-parkinda-buyuk-degisim\/16239\/","title":{"rendered":"Yo\u011furt\u00e7u Park\u0131\u2019nda b\u00fcy\u00fck de\u011fi\u015fim"},"content":{"rendered":"<p>\u0130stanbul B\u00fcy\u00fck\u015fehir Belediyesi (\u0130BB) uzun y\u0131llard\u0131r bak\u0131ms\u0131z halde b\u0131rak\u0131lan Kad\u0131k\u00f6y Yo\u011furt\u00e7u Park\u0131n\u0131 yenileyerek kentin hizmetine a\u00e7t\u0131. Kad\u0131k\u00f6y\u2019\u00fcn en \u00f6nemli ye\u015fil alanlar\u0131ndan Yo\u011furt\u00e7u Park\u0131\u2019n\u0131n y\u0131llard\u0131r s\u00fcregelen altyap\u0131 sorunlar\u0131 y\u00fcr\u00fct\u00fclen kapsaml\u0131 proje ile \u00e7\u00f6z\u00fcld\u00fc.<\/p>\n<p><strong>ALTYAPI S\u0130STEM\u0130 YEN\u0130LEND\u0130<\/strong><\/p>\n<p>\u00c7al\u0131\u015fmalar kapsam\u0131nda \u00f6ncelikle, yo\u011fun ya\u011f\u0131\u015flar sonucunda drenaj sorunu ya\u015fanan park\u0131n fiziksel ko\u015fullar\u0131 iyile\u015ftirildi. Ayn\u0131 zamanda 1. Derece Do\u011fal Sit Alan\u0131 olan 26 bin metrekarelik Yo\u011furt\u00e7u Park\u0131, kullan\u0131c\u0131 ihtiya\u00e7lar\u0131 da dikkate al\u0131narak yeniden tasarland\u0131. Parktaki a\u011fa\u00e7 say\u0131s\u0131 artt\u0131r\u0131ld\u0131. Proje kapsam\u0131nda; \u00c7ocuk Oyun Alan\u0131, Bisiklet Parkuru, Ko\u015fu Parkuru, Spor Alan\u0131, Bisiklet Park\u0131, Evcil hayvan Park\u0131, Basketbol Sahas\u0131, Tenis Sahas\u0131 ve kafeterya yap\u0131ld\u0131.<\/p>\n<p><img loading=\"lazy\" decoding=\"async\" src=\"https:\/\/haberkartal.com\/wp-content\/uploads\/2022\/09\/park3.jpg\" alt=\"\" width=\"900\" height=\"554\" class=\"alignnone size-full wp-image-16243\" srcset=\"https:\/\/www.haberkartal.tr\/tr-int\/wp-content\/uploads\/2022\/09\/park3.jpg 900w, https:\/\/www.haberkartal.tr\/tr-int\/wp-content\/uploads\/2022\/09\/park3-300x185.jpg 300w, https:\/\/www.haberkartal.tr\/tr-int\/wp-content\/uploads\/2022\/09\/park3-768x473.jpg 768w\" sizes=\"auto, (max-width: 900px) 100vw, 900px\" \/><\/p>\n<p><strong>YA\u015eAM VAD\u0130LER\u0130 ARTACAK<\/strong><\/p>\n<p>Yo\u011furt\u00e7u Park\u0131 a\u00e7\u0131l\u0131\u015f\u0131, Kad\u0131k\u00f6y Belediye Ba\u015fkan\u0131 \u015eerdil Dara Odaba\u015f\u0131, \u0130BB Genel Sekreteri Can Ak\u0131n \u00c7a\u011flar, mahalle muhtarlar\u0131 ile Kad\u0131k\u00f6yl\u00fclerin kat\u0131ld\u0131\u011f\u0131 t\u00f6renle ger\u00e7ekle\u015fti. T\u00f6rende konu\u015fan \u00c7a\u011flar, \u201c150 g\u00fcnde 150 proje maratonu kapsam\u0131nda a\u00e7\u0131l\u0131\u015f\u0131 yap\u0131lan Yo\u011furt\u00e7u Park\u0131m\u0131z sadece Kad\u0131k\u00f6y\u2019\u00fcn de\u011fil t\u00fcm \u0130stanbul\u2019un \u00f6nemli ye\u015fil alanlar\u0131ndan biri olacak. G\u00f6reve geldi\u011fimiz ilk g\u00fcnden bu yana \u0130stanbul&#8217;u ye\u015fil, adil ve yarat\u0131c\u0131 bir kent haline getirece\u011fiz dedik. Bug\u00fcnk\u00fc a\u00e7\u0131l\u0131\u015f\u0131m\u0131zla da ye\u015fil mottomuzun bir par\u00e7as\u0131 daha tamaml\u0131yoruz. \u0130stanbullunun ya\u015fam kalitesini art\u0131rmak i\u00e7in ya\u015fam vadileri ile park ve bah\u00e7elerin say\u0131s\u0131n\u0131 artt\u0131rmaya devam edece\u011fiz\u201d dedi.<br \/>\n A\u00e7\u0131l\u0131\u015fta konu\u015fan Kad\u0131k\u00f6y Belediye Ba\u015fkan\u0131 \u015eerdil Dara Odaba\u015f\u0131 ise, \u201cBuras\u0131 sadece bizim i\u00e7in bir park de\u011fil. Bizim burada ge\u00e7mi\u015fimiz var, bizim burada Kad\u0131k\u00f6yl\u00fclerin hat\u0131ralar\u0131 var, Kad\u0131k\u00f6y Anadolu Lisesi\u2019nden \u00e7\u0131k\u0131p buraya gelip burada sohbet eden gen\u00e7lerimizin yaratm\u0131\u015f oldu\u011fu hat\u0131ralar var, Kad\u0131k\u00f6y\u2019e ilk defa gelip burada Kad\u0131k\u00f6y\u2019le tan\u0131\u015fanlar var. Evlerinden \u00e7\u0131k\u0131p buraya gelip nefes alan kom\u015fular\u0131m var onun i\u00e7in buras\u0131 sadece bir park de\u011fil, buras\u0131 bizim i\u00e7in Kad\u0131k\u00f6y\u2019\u00fcn ya\u015fam alanlar\u0131ndan biri. Biz buray\u0131 B\u00fcy\u00fck\u015fehir Belediyesi\u2019ne emanet ettik Emanetimize sahip \u00e7\u0131kt\u0131n\u0131z \u00e7ok te\u015fekk\u00fcr ediyoruz\u201d ifadelerini kulland\u0131.<\/p>\n<p><strong>KURBA\u011eALIDERE YA\u015eAM VAD\u0130S\u0130<\/strong><\/p>\n<p>Proje ayn\u0131 zamanda \u0130stanbul\u2019un \u00f6nemli Ya\u015fam Vadilerinden biri olan Kurba\u011fal\u0131dere Ya\u015fam Vadisi\u2019nin birinci etab\u0131nda yer al\u0131yor. \u0130stanbul\u2019un en uzun derelerinden olan Kurba\u011fal\u0131dere; Kad\u0131k\u00f6y, Ata\u015fehir ve \u00dcmraniye il\u00e7elerini birbirine ba\u011fl\u0131yor.  Toplam 3 etaptan olu\u015fan Kurba\u011fal\u0131dere Ya\u015fam Vadisi projesi tamamland\u0131\u011f\u0131nda \u0130stanbul 648 bin metrekarelik yeni ye\u015fil alan kazanm\u0131\u015f olacak.<\/p>\n","protected":false},"excerpt":{"rendered":"<p>\u0130BB, Anadolu Yakas\u0131\u2019n\u0131n \u00f6nemli ye\u015fil alanlar\u0131ndan olan Yo\u011furt\u00e7u Park\u0131\u2019ndaki yenileme \u00e7al\u0131\u015fmalar\u0131n\u0131 tamamlad\u0131. Yepyeni \u00e7ehresiyle g\u00f6z dolduran Yo\u011furt\u00e7u Park\u0131n\u0131n a\u00e7\u0131l\u0131\u015f\u0131na Kad\u0131k\u00f6y Belediye Ba\u015fkan\u0131 \u015eerdil Dara Odaba\u015f\u0131 ile \u0130BB Genel Sekreteri Can Ak\u0131n \u00c7a\u011flar kat\u0131ld\u0131.<\/p>\n","protected":false},"author":2,"featured_media":16241,"comment_status":"open","ping_status":"open","sticky":false,"template":"","format":"standard","meta":{"footnotes":""},"categories":[42],"tags":[126,105,541,153,2153],"class_list":["post-16239","post","type-post","status-publish","format-standard","has-post-thumbnail","hentry","category-istanbul","tag-ibb","tag-kadikoy","tag-manset","tag-park","tag-yogurtcu-parki"],"_links":{"self":[{"href":"https:\/\/www.haberkartal.tr\/tr-int\/wp-json\/wp\/v2\/posts\/16239","targetHints":{"allow":["GET"]}}],"collection":[{"href":"https:\/\/www.haberkartal.tr\/tr-int\/wp-json\/wp\/v2\/posts"}],"about":[{"href":"https:\/\/www.haberkartal.tr\/tr-int\/wp-json\/wp\/v2\/types\/post"}],"author":[{"embeddable":true,"href":"https:\/\/www.haberkartal.tr\/tr-int\/wp-json\/wp\/v2\/users\/2"}],"replies":[{"embeddable":true,"href":"https:\/\/www.haberkartal.tr\/tr-int\/wp-json\/wp\/v2\/comments?post=16239"}],"version-history":[{"count":1,"href":"https:\/\/www.haberkartal.tr\/tr-int\/wp-json\/wp\/v2\/posts\/16239\/revisions"}],"predecessor-version":[{"id":16244,"href":"https:\/\/www.haberkartal.tr\/tr-int\/wp-json\/wp\/v2\/posts\/16239\/revisions\/16244"}],"wp:featuredmedia":[{"embeddable":true,"href":"https:\/\/www.haberkartal.tr\/tr-int\/wp-json\/wp\/v2\/media\/16241"}],"wp:attachment":[{"href":"https:\/\/www.haberkartal.tr\/tr-int\/wp-json\/wp\/v2\/media?parent=16239"}],"wp:term":[{"taxonomy":"category","embeddable":true,"href":"https:\/\/www.haberkartal.tr\/tr-int\/wp-json\/wp\/v2\/categories?post=16239"},{"taxonomy":"post_tag","embeddable":true,"href":"https:\/\/www.haberkartal.tr\/tr-int\/wp-json\/wp\/v2\/tags?post=16239"}],"curies":[{"name":"wp","href":"https:\/\/api.w.org\/{rel}","templated":true}]}}