{"id":16371,"date":"2022-09-25T19:42:26","date_gmt":"2022-09-25T16:42:26","guid":{"rendered":"https:\/\/haberkartal.com\/?p=16371"},"modified":"2022-09-25T19:42:26","modified_gmt":"2022-09-25T16:42:26","slug":"cumhurbaskani-erdogan-enflasyonu-tek-haneli-rakama-dusurmekte-kararliyiz","status":"publish","type":"post","link":"https:\/\/www.haberkartal.tr\/tr-int\/istanbul\/cumhurbaskani-erdogan-enflasyonu-tek-haneli-rakama-dusurmekte-kararliyiz\/16371\/","title":{"rendered":"Cumhurba\u015fkan\u0131 Erdo\u011fan: Enflasyonu tek haneli rakama d\u00fc\u015f\u00fcrmekte kararl\u0131y\u0131z"},"content":{"rendered":"<p>\u0130\u015f insanlar\u0131n\u0131 da d\u00fc\u015f\u00fck faizle yat\u0131r\u0131ma davet eden Erdo\u011fan, i\u015fveren ve \u00e7al\u0131\u015fanlara da, &#8220;Yemek \u00f6demelerinde restoran, lokanta ve yemek kart\u0131 kullanma zorunlulu\u011funu kald\u0131r\u0131yoruz. Art\u0131k \u00e7al\u0131\u015fanlara nakden \u00f6denen yemek bedeli tutarlar\u0131 da vergi istisnas\u0131 kapsam\u0131na girecektir&#8221; m\u00fcjdesini verdi.  <\/p>\n<p>\u0130stanbul Ticaret Odas\u0131&#8217;n\u0131n (\u0130TO) 140&#8217;\u0131nc\u0131 kurulu\u015f y\u0131l d\u00f6n\u00fcm\u00fc dolay\u0131s\u0131yla verdi\u011fi \u00f6zel \u00f6d\u00fcller, bug\u00fcn d\u00fczenlenen t\u00f6renle sahiplerini buldu. Hali\u00e7 Kongre Merkezi&#8217;nde d\u00fczenlenen t\u00f6rene Cumhurba\u015fkan\u0131 Recep Tayyip Erdo\u011fan da kat\u0131ld\u0131. T\u00f6rende, Ticaret Bakan\u0131 Mehmet Mu\u015f, \u0130stanbul Ticaret Odas\u0131 Ba\u015fkan\u0131 \u015eekib Avdagi\u00e7 ve \u00e7ok say\u0131da davetli yer ald\u0131. Restorasyon, k\u00fclt\u00fcr-sanat, turizm, teknoloji, vefa, giri\u015fimcilik ve d\u00f6n\u00fc\u015f\u00fcm olmak \u00fczere 6 kategoride verilen \u00f6d\u00fcller, Cumhurba\u015fkan\u0131 Erdo\u011fan taraf\u0131ndan takdim edildi. <\/p>\n<p><strong>&#8220;T\u00dcRK\u0130YE ARTIK ESK\u0130 T\u00dcRK\u0130YE DE\u011e\u0130L&#8221; <\/strong><\/p>\n<p>Burada konu\u015fma yapan Cumhurba\u015fkan\u0131 Erdo\u011fan, &#8220;T\u00fcrkiye&#8217;nin son 20 y\u0131l\u0131nda tarihimizin en \u00f6nemli demokrasi ve kalk\u0131nma at\u0131l\u0131mlar\u0131n\u0131 ger\u00e7ekle\u015ftirirken ayn\u0131 zamanda pek \u00e7ok sald\u0131r\u0131yla, tuzakla, oyunla da m\u00fccadele ettik. Ekonomimiz de bu sald\u0131r\u0131lardan nasibini alm\u0131\u015ft\u0131r. Uluslararas\u0131 finans mekanizmalar\u0131 \u00fczerinden sinsice y\u00fcr\u00fct\u00fclen sald\u0131r\u0131lar 2018 A\u011fustos ay\u0131ndan itibaren a\u00e7\u0131k bir meydan okumaya d\u00f6n\u00fc\u015fm\u00fc\u015ft\u00fcr. T\u00fcrk ekonomisinin bu \u00e7alkant\u0131l\u0131 s\u00fcre\u00e7ten geleneksel y\u00f6ntemlerle kurtarman\u0131n m\u00fcmk\u00fcn olmad\u0131\u011f\u0131n\u0131 g\u00f6rd\u00fck. Bu tablo kar\u015f\u0131s\u0131nda asl\u0131nda \u00e7ok \u00f6nceden ba\u015flatmam\u0131z gereken alternatif ekonomi politikas\u0131n\u0131n s\u00fcratle hayata ge\u00e7irdik. Zaman i\u00e7inde k\u00fcresel geli\u015fmelere ve \u00fclkemizin ihtiya\u00e7lar\u0131na g\u00f6re geli\u015ftirerek s\u00fcrd\u00fcrd\u00fc\u011f\u00fcm\u00fcz T\u00fcrkiye Ekonomi Modeli&#8217;nin hedefi \u00fclkemizi yat\u0131r\u0131m istihdam \u00fcretim, ihracat ve cari fazla yoluyla b\u00fcy\u00fctmek olmu\u015ftur. \u00d6nce salg\u0131n, ard\u0131ndan Rusya Ukrayna sava\u015f\u0131 t\u00fcm dengeler gibi ekonomik i\u015fleyi\u015fi de k\u00f6k\u00fcnden sarsm\u0131\u015ft\u0131r. \u00dclkemize uygulad\u0131\u011f\u0131 ekonomik model sebebiyle en a\u011f\u0131r \u015fekilde ele\u015ftirenler bile geldi\u011fimiz noktada bizimle ayn\u0131 \u00e7izgiye y\u00f6nelmi\u015flerdir. Bunu son Semerkan Zirvesi&#8217;nde ard\u0131ndan BM Genel Kurulu&#8217;nda orada yapt\u0131\u011f\u0131m\u0131z T\u00fcrk evindeki T\u00fcrk liderlerle onlar\u0131n ifadeleriyle tespit ettik. T\u00fcrkiye art\u0131k eski T\u00fcrkiye de\u011fil&#8221; diye konu\u015ftu.   <\/p>\n<p><img loading=\"lazy\" decoding=\"async\" src=\"https:\/\/haberkartal.com\/wp-content\/uploads\/2022\/09\/erdogan3-1.jpg\" alt=\"\" width=\"900\" height=\"575\" class=\"alignnone size-full wp-image-16375\" srcset=\"https:\/\/www.haberkartal.tr\/tr-int\/wp-content\/uploads\/2022\/09\/erdogan3-1.jpg 900w, https:\/\/www.haberkartal.tr\/tr-int\/wp-content\/uploads\/2022\/09\/erdogan3-1-300x192.jpg 300w, https:\/\/www.haberkartal.tr\/tr-int\/wp-content\/uploads\/2022\/09\/erdogan3-1-768x491.jpg 768w\" sizes=\"auto, (max-width: 900px) 100vw, 900px\" \/><\/p>\n<p><strong>&#8216;B\u00dcY\u00dcK L\u0130DERLER B\u0130LE FA\u0130Z\u0130 D\u00dc\u015e\u00dcRMEN\u0130N FAYDASI OLDU\u011eUNU \u0130KRAR ETMEYE BA\u015eLADI&#8217; <\/strong><\/p>\n<p>Erdo\u011fan, &#8220;20 y\u0131ld\u0131r \u00e7al\u0131\u015f\u0131yoruz ve oluyor. Daha nice nice alt yap\u0131, \u00fcst yap\u0131 ve uluslararas\u0131 anlamda yat\u0131r\u0131mlar\u0131m\u0131z olacak. Y\u0131llard\u0131r \u00fclkemize dayat\u0131lan faiz, enflasyon, kur dengesi teorilerinin asl\u0131nda hi\u00e7bir soruna \u00e7\u00f6z\u00fcm sa\u011flamad\u0131\u011f\u0131n\u0131 bizzat bu i\u015fin sahipleri de ikrar ediyor. Enflasyonu, faiz oranlar\u0131n\u0131 art\u0131rarak kontrol alt\u0131nda tutma yakla\u015f\u0131m\u0131 art\u0131k kimse taraf\u0131ndan dile getirilmiyor. Getirilse de ciddiye al\u0131nm\u0131yor. Art\u0131k b\u00fcy\u00fck liderler bile y\u00fckseltmek de\u011fil faizi d\u00fc\u015f\u00fcrmenin faydas\u0131 oldu\u011funu ikrar etmeye ba\u015flad\u0131. Say\u0131n Putin bizzat ge\u00e7mi\u015fte y\u00fcksek faizi savunurken, o da faizi d\u00fc\u015f\u00fcrmeye ba\u015flad\u0131. Geli\u015fmi\u015f \u00fclkeler dahil hi\u00e7bir devlet eski modelin vaaz etti\u011fi \u015fekilde davranarak ekonomisini durgunlu\u011fa sokmay\u0131 ve ortaya \u00e7\u0131kacak sosyal sorunlarla bo\u011fu\u015fmay\u0131 g\u00f6ze alm\u0131yor. Kimi \u00fclkeler enflasyon oranlar\u0131yla mukayese edilemeyecek derecede k\u00fc\u00e7\u00fck faiz art\u0131r\u0131mlar\u0131yla vakit kazanmaya \u00e7al\u0131\u015f\u0131rken, kimileri de bizim gibi faiz d\u00fc\u015f\u00fcrerek yoluna devam ediyor&#8221; dedi. <\/p>\n<p><strong>&#8216;D\u00dc\u015e\u00dcK FA\u0130ZLE S\u0130ZLER\u0130 YATIRIMA DAVET ED\u0130YORUM&#8217;<\/strong><\/p>\n<p>Yat\u0131r\u0131mc\u0131lara seslenen Erdo\u011fan, &#8220;Diyorum ki, kar\u015f\u0131mda yat\u0131r\u0131mc\u0131lar var. Gelin, biz ba\u015fta kamu bankalar\u0131 olmak \u00fczere d\u00fc\u015f\u00fck faizle sizleri yat\u0131r\u0131ma davet ediyorum. D\u00fc\u015f\u00fck faizle ald\u0131\u011f\u0131n\u0131z krediyle yapaca\u011f\u0131n\u0131z yat\u0131r\u0131mlar, istihdam sa\u011flayacakt\u0131r. \u00dcretim sa\u011flayacakt\u0131r. \u0130hracat\u0131 art\u0131racakt\u0131r ve cari fazlay\u0131 da lehimize d\u00f6nd\u00fcrecektir. Bu konuda kararl\u0131 m\u0131y\u0131z? Kararl\u0131ysak sizin yan\u0131n\u0131zday\u0131z. Bu y\u0131l\u0131n ilk yar\u0131s\u0131nda y\u00fczde 7 bu\u00e7uk d\u00fczeyinde ger\u00e7ekle\u015fen b\u00fcy\u00fcme oran\u0131m\u0131z 31 milyona dayanan istihdam rakamlar\u0131m\u0131z, 300 milyar dolara do\u011fru giden ihracat\u0131m\u0131z, 40 milyar dolara dayanan turizm gelirlerimiz hedeflerimize do\u011fru ilerledi\u011fimizin i\u015faretidir&#8221; \u015feklinde konu\u015ftu.  <\/p>\n<p>Erdo\u011fan, &#8220;Ekonomimize y\u00f6nelik sald\u0131r\u0131lar\u0131n \u00e7\u0131k\u0131\u015f noktas\u0131n\u0131n d\u00f6viz kuru olmas\u0131n\u0131n sebebi budur. Ald\u0131\u011f\u0131m\u0131z tedbirler kurdu\u011fumuz mekanizmalar, sa\u011flad\u0131\u011f\u0131m\u0131z kaynaklar ve i\u015f d\u00fcnyas\u0131n\u0131n \u00fcretim ihracat odakl\u0131 gayretiyle bu s\u0131k\u0131nt\u0131y\u0131 \u00f6nemli \u00f6l\u00e7\u00fcde kontrol alt\u0131na ald\u0131k. Enerji ve emtia fiyatlar\u0131ndaki a\u015f\u0131r\u0131 y\u00fckseli\u015fleri gibi olumsuz geli\u015fmeleri g\u00f6\u011f\u00fcslemek zorunda kal\u0131yoruz. 2021 ve 2022 enerji s\u00fcbvansiyonlar\u0131m\u0131z yar\u0131m trilyon liraya yakla\u015fm\u0131\u015ft\u0131r. Bu y\u00fck\u00fc hem milletimizin refah\u0131n\u0131 korumak hem \u00fcreticilerimizi desteklemek i\u00e7in kamu olarak biz \u00fcstleniyoruz&#8221; dedi. <\/p>\n<p><img loading=\"lazy\" decoding=\"async\" src=\"https:\/\/haberkartal.com\/wp-content\/uploads\/2022\/09\/erdogan4-1.jpg\" alt=\"\" width=\"900\" height=\"642\" class=\"alignnone size-full wp-image-16376\" srcset=\"https:\/\/www.haberkartal.tr\/tr-int\/wp-content\/uploads\/2022\/09\/erdogan4-1.jpg 900w, https:\/\/www.haberkartal.tr\/tr-int\/wp-content\/uploads\/2022\/09\/erdogan4-1-300x214.jpg 300w, https:\/\/www.haberkartal.tr\/tr-int\/wp-content\/uploads\/2022\/09\/erdogan4-1-768x548.jpg 768w\" sizes=\"auto, (max-width: 900px) 100vw, 900px\" \/><\/p>\n<p><strong>&#8216;KARADEN\u0130Z&#8217;DEN DO\u011eALGAZI ULA\u015eTIRDI\u011eIMIZ ZAMAN DEVRAN \u00c7OK DAHA FARKLI D\u00d6NECEK&#8217; <\/strong><\/p>\n<p>Erdo\u011fan, &#8220;\u00dclkemize ve ekonomiye hi\u00e7bir zaman sadece rakamlar\u0131n zaviyesinden bakmad\u0131k. Bizim i\u00e7in \u00f6nemli olan insand\u0131r. \u0130nsan\u0131m\u0131z\u0131n huzuru, g\u00fcvenli\u011fi, refah\u0131 gelece\u011fimizdir. \u0130n\u015fallah Karadeniz&#8217;den do\u011falgaz\u0131 halk\u0131m\u0131za ula\u015ft\u0131rd\u0131\u011f\u0131m\u0131z zaman devran \u00e7ok daha farkl\u0131 d\u00f6nmeye ba\u015flayacak&#8221; ifadelerini kulland\u0131.  <\/p>\n<p><strong>&#8216;ENFLASYONU TEK HANEL\u0130 RAKAMA D\u00dc\u015e\u00dcRMEKTE KARARLIYIZ&#8217; <\/strong><\/p>\n<p>Erdo\u011fan, &#8220;Hi\u00e7 arzu etmedi\u011fimiz seviyelere \u00e7\u0131kan enflasyon meselesini de \u00f6n\u00fcm\u00fczdeki \u015fubat ay\u0131ndan itibaren \u00f6nce makul d\u00fczeylere indirece\u011fiz sonraki y\u0131llarda da enflasyonu olmas\u0131 gerekti\u011fi gibi tek haneli rakamlara d\u00fc\u015f\u00fcrmekte kararl\u0131y\u0131z. Biz ge\u00e7mi\u015fte bunu yapt\u0131k m\u0131? Yapt\u0131k. Faizi 4,6&#8217;ya indirdik. Enflasyon 6,2&#8217;ye geldi. Bunu biz ba\u015fard\u0131k. Birileri de\u011fil. Bunun \u00fczerinden kendine paye \u00e7\u0131karmak isteyenler var. Ya sen kimsin? \u0130mzay\u0131 atan kim, sen kimsin. 6 s\u0131f\u0131r\u0131 T\u00fcrk liras\u0131ndan \u00e7\u0131karan, bu ba\u015fbakan. Sen kimsin? Ba\u015fbakan olur vermedikten sonra sen ne yapabilirsin ya? \u00c7\u0131k\u0131p televizyon ekranlar\u0131nda ben yapt\u0131m. Ben ekonomi bakan\u0131y\u0131m, ben devlet i\u00e7inde b\u00f6yle bir s\u00fcreci i\u015fletiyorum. Peki ya bu i\u015fin ba\u015f\u0131 kim? Ba\u015fbakan olur vermeden sen ne yapabilirsin? Buna inanlar buna aldananlar yok de\u011fil var. B\u00fct\u00fcn bunlar\u0131n hepsi yoluna giriyor. \u00c7\u00fcnk\u00fc benim milletim akl\u0131selim. \u0130\u015f\u00e7isinden memuruna, emeklisinden sosyal destekle hayat\u0131n\u0131 s\u00fcrd\u00fcrene kadar hi\u00e7bir vatanda\u015f\u0131m\u0131z\u0131 hayat pahal\u0131l\u0131\u011f\u0131n\u0131n alt\u0131nda ezdirmedik, ezdirmeyece\u011fiz. Enflasyonu mazide bir hat\u0131ra haline d\u00f6n\u00fc\u015ft\u00fcrece\u011fiz&#8221; diye konu\u015ftu.  <\/p>\n<p><strong>&#8216;ENFLASYONU MAZ\u0130DE B\u0130R HATIRA HAL\u0130NE D\u00d6N\u00dc\u015eT\u00dcRECE\u011e\u0130Z&#8217;<\/strong><\/p>\n<p>\u0130lk Evim \u0130lk \u0130\u015f Yerim Kampanyas\u0131na da de\u011finen Cumhurba\u015fkan\u0131 Erdo\u011fan, &#8220;\u0130n\u015fallah se\u00e7imlerin akabinde bu i\u015fin ikinci etab\u0131n\u0131 ba\u015flataca\u011f\u0131z. Bu kampanyan\u0131n ilk etab\u0131n\u0131 olu\u015fturan 250 bin konutun temelini de yak\u0131nda at\u0131yor. 2 y\u0131l i\u00e7inde tamamlay\u0131p hak sahiplerine teslim ediyoruz. Bu kampanyan\u0131n sa\u011flayaca\u011f\u0131 ekonomik hareketlilik yan\u0131nda fiyatlar\u0131 dengeye getirerek enflasyonla m\u00fccadeleye de katk\u0131da bulunaca\u011f\u0131na inan\u0131yorum. Enflasyonu mazide bir hat\u0131ra haline d\u00f6n\u00fc\u015ft\u00fcrece\u011fiz. \u0130n\u015fallah 2023&#8217;\u00fc hem b\u00fcy\u00fck projeleri hayata ge\u00e7irerek, hem k\u00fcresel geli\u015fmelerin \u00fclkemizin \u00f6n\u00fcne getirdi\u011fi f\u0131rsatlar\u0131 de\u011ferlendirerek hem de se\u00e7imleri ba\u015far\u0131yla tamamlayarak kazas\u0131z belas\u0131z atlataca\u011f\u0131z&#8221; ifadelerini kulland\u0131.<\/p>\n<p><strong>\u0130\u015e \u0130NSANLARINA M\u00dcJDE <\/strong><\/p>\n<p>\u0130\u015f insanlar\u0131na da m\u00fcjdelerini a\u00e7\u0131klayan Cumhurba\u015fkan\u0131 Erdo\u011fan, &#8220;\u00c7al\u0131\u015fanlara \u00f6denen yemek \u00fccretlerinin vergi istisna rakam\u0131n\u0131n ve y\u00f6nteminin de\u011fi\u015ftirilmesiyle ilgilidir. Temmuz ay\u0131ndan itibaren \u00e7al\u0131\u015fanlara \u00f6denen yemek bedeli vergi istisnas\u0131n\u0131 34 liradan 51 liraya \u00e7\u0131kard\u0131k. Yeniden derleme oran\u0131na g\u00f6re bu rakam\u0131 tekrar belirleyece\u011fiz. \u0130lave bir yenilik olarak, yemek \u00f6demelerinde restoran, lokanta ve yemek kart\u0131 kullanma zorunlulu\u011funu kald\u0131r\u0131yoruz. Art\u0131k \u00e7al\u0131\u015fanlara nakden \u00f6denen yemek bedeli tutarlar\u0131 da vergi istisnas\u0131 kapsam\u0131na girecektir. \u00c7al\u0131\u015fanlara yap\u0131lacak elektrik ve do\u011falgaz \u00f6demelerinden vergi ve prim y\u00fck\u00fcn\u00fcn kald\u0131r\u0131lmas\u0131yla ilgilidir. \u0130\u015f verenlerin 2023 nisan ay\u0131 sonuna kadar \u00e7al\u0131\u015fanlar\u0131na yapacaklar\u0131 elektrik, do\u011falgaz ve \u0131s\u0131nma gideri desteklerinin bin liraya kadar olan k\u0131sm\u0131n\u0131 hem gelir vergisinden hem de sigorta prim kesintisinden muaf tutuyoruz. Yurt d\u0131\u015f\u0131nda, in\u015faat bak\u0131m onar\u0131m montaj gibi i\u015fleri ve teknik hizmetlerde T\u00fcrk vatanda\u015flar\u0131n\u0131 \u00e7al\u0131\u015ft\u0131ran i\u015fletmelerimiz bu ki\u015filer i\u00e7in gelir vergisi \u00f6demeyecekler. Bu uygulamayla amac\u0131m\u0131z yurt d\u0131\u015f\u0131nda in\u015faat projesi y\u00fcr\u00fcten firmalar\u0131m\u0131z\u0131n kendi vatanda\u015flar\u0131m\u0131z\u0131 istihdam etmelerini desteklemektir&#8221; dedi.  <\/p>\n","protected":false},"excerpt":{"rendered":"<p>\u0130stanbul Ticaret Odas\u0131&#8217;n\u0131n 140&#8217;\u0131nc\u0131 Y\u0131l \u00d6zel \u00d6d\u00fclleri program\u0131nda konu\u015fan Cumhurba\u015fkan\u0131 Recep Tayyip Erdo\u011fan, &#8220;Enflasyon meselesini de \u00f6n\u00fcm\u00fczdeki \u015fubat ay\u0131ndan itibaren \u00f6nce makul d\u00fczeylere indirece\u011fiz sonraki y\u0131llarda da enflasyonu olmas\u0131 gerekti\u011fi gibi tek haneli rakamlara d\u00fc\u015f\u00fcrmekte kararl\u0131y\u0131z&#8221; dedi.<\/p>\n","protected":false},"author":8,"featured_media":16373,"comment_status":"open","ping_status":"open","sticky":false,"template":"","format":"standard","meta":{"footnotes":""},"categories":[42],"tags":[284,2161,541,285],"class_list":["post-16371","post","type-post","status-publish","format-standard","has-post-thumbnail","hentry","category-istanbul","tag-cumhurbaskani","tag-istanbul-ticaret-odasi","tag-manset","tag-recep-tayyip-erdogan"],"_links":{"self":[{"href":"https:\/\/www.haberkartal.tr\/tr-int\/wp-json\/wp\/v2\/posts\/16371","targetHints":{"allow":["GET"]}}],"collection":[{"href":"https:\/\/www.haberkartal.tr\/tr-int\/wp-json\/wp\/v2\/posts"}],"about":[{"href":"https:\/\/www.haberkartal.tr\/tr-int\/wp-json\/wp\/v2\/types\/post"}],"author":[{"embeddable":true,"href":"https:\/\/www.haberkartal.tr\/tr-int\/wp-json\/wp\/v2\/users\/8"}],"replies":[{"embeddable":true,"href":"https:\/\/www.haberkartal.tr\/tr-int\/wp-json\/wp\/v2\/comments?post=16371"}],"version-history":[{"count":1,"href":"https:\/\/www.haberkartal.tr\/tr-int\/wp-json\/wp\/v2\/posts\/16371\/revisions"}],"predecessor-version":[{"id":16377,"href":"https:\/\/www.haberkartal.tr\/tr-int\/wp-json\/wp\/v2\/posts\/16371\/revisions\/16377"}],"wp:featuredmedia":[{"embeddable":true,"href":"https:\/\/www.haberkartal.tr\/tr-int\/wp-json\/wp\/v2\/media\/16373"}],"wp:attachment":[{"href":"https:\/\/www.haberkartal.tr\/tr-int\/wp-json\/wp\/v2\/media?parent=16371"}],"wp:term":[{"taxonomy":"category","embeddable":true,"href":"https:\/\/www.haberkartal.tr\/tr-int\/wp-json\/wp\/v2\/categories?post=16371"},{"taxonomy":"post_tag","embeddable":true,"href":"https:\/\/www.haberkartal.tr\/tr-int\/wp-json\/wp\/v2\/tags?post=16371"}],"curies":[{"name":"wp","href":"https:\/\/api.w.org\/{rel}","templated":true}]}}