{"id":16857,"date":"2022-10-08T18:59:48","date_gmt":"2022-10-08T15:59:48","guid":{"rendered":"https:\/\/haberkartal.com\/?p=16857"},"modified":"2022-10-08T18:59:48","modified_gmt":"2022-10-08T15:59:48","slug":"taksilerde-bahsisli-cagir-tartismasi","status":"publish","type":"post","link":"https:\/\/www.haberkartal.tr\/tr-int\/istanbul\/taksilerde-bahsisli-cagir-tartismasi\/16857\/","title":{"rendered":"Taksilerde &#8216;Bah\u015fi\u015fli \u00e7a\u011f\u0131r&#8217; tart\u0131\u015fmas\u0131"},"content":{"rendered":"<p>Taksi \u00e7a\u011f\u0131rma uygulamalar\u0131ndan birine &#8216;Bah\u015fi\u015fli \u00c7a\u011f\u0131r&#8217; se\u00e7ene\u011fi eklendi. Uygulamaya getirilen bu g\u00fcncelleme ile &#8216;Bah\u015fi\u015fli \u00c7a\u011f\u0131r&#8217; \u00f6zelli\u011fini kullanarak taksi \u00e7a\u011f\u0131ranlar, \u015fof\u00f6re bah\u015fi\u015f verece\u011fini \u00f6nceden belirtece\u011fi i\u00e7in taksi bulmada \u00f6ncelik sa\u011flayabilecek. Baz\u0131 yolcular yeni \u00f6zelli\u011fe tepki g\u00f6sterirken, taksicilerin bir k\u0131sm\u0131 ise yeni uygulamadan memnun kald\u0131klar\u0131n\u0131 ifade etti. <\/p>\n<p><strong>&#8220;BAH\u015e\u0130\u015e \u00d6DEMEK \u0130STEMEYENLER BELK\u0130 TAKS\u0130 BULAMAYACAK&#8221;<\/strong><\/p>\n<p>T\u00fcrk Giri\u015fim ve \u0130\u015f D\u00fcnyas\u0131 Konfederasyonu Hukuk Komisyonu \u00dcyesi Avukat Tayfun \u00dcz\u00fclmez, bu \u00f6zelli\u011fin bah\u015fi\u015f yerine &#8216;\u00f6n \u00f6deme&#8217; oldu\u011funu belirterek, &#8220;\u0130nsanlar\u0131n bu uygulamay\u0131 kullanmas\u0131n\u0131n temel sebeplerinden bir tanesi hangi kilometreyi ve ne \u00f6deyece\u011fini varsayarak uygulamay\u0131 kullanmalar\u0131d\u0131r. Bu t\u00fcketiciler aleyhine bir durum. Evet \u0130stanbul&#8217;da taksi azl\u0131\u011f\u0131 sorunu var. \u0130stanbul&#8217;un n\u00fcfusu artsa da taksi say\u0131s\u0131 hep yerinde kald\u0131. Taksi say\u0131s\u0131n\u0131n azl\u0131\u011f\u0131 bu \u015fekilde bir y\u00f6ntemle giderilemez. Her ne kadar kar amac\u0131 g\u00fcd\u00fclse de taksi hizmeti bir kamu hizmetidir. \u015eimdi siz en ba\u015ftan taksiye binmeden s\u0131rf taksi h\u0131zl\u0131 gelsin diye taksi eri\u015fim s\u00fcresi k\u0131sals\u0131n diye \u00f6ncesinden bir bah\u015fi\u015f \u00f6d\u00fcyorsunuz. Bu sefer bah\u015fi\u015f vermek istemeyen t\u00fcketicilerin bekleme s\u00fcreleri artt\u0131k\u00e7a artacakt\u0131r. B\u00f6yle bir durumda taksiciler art\u0131k sadece bah\u015fi\u015f verenleri taksilerine almaya ba\u015flayacaklar. Bah\u015fi\u015f \u00f6demek istemeyen t\u00fcketicilerimiz ise belki taksi bulamayacak. Bekleme s\u00fcreleri daha \u00f6nce 5 dakika ise bu nedenle 15 dakikaya \u00e7\u0131kacak&#8221; dedi.<\/p>\n<p><img loading=\"lazy\" decoding=\"async\" src=\"https:\/\/haberkartal.com\/wp-content\/uploads\/2022\/10\/taksi3.jpg\" alt=\"\" width=\"900\" height=\"495\" class=\"alignnone size-full wp-image-16861\" srcset=\"https:\/\/www.haberkartal.tr\/tr-int\/wp-content\/uploads\/2022\/10\/taksi3.jpg 900w, https:\/\/www.haberkartal.tr\/tr-int\/wp-content\/uploads\/2022\/10\/taksi3-300x165.jpg 300w, https:\/\/www.haberkartal.tr\/tr-int\/wp-content\/uploads\/2022\/10\/taksi3-768x422.jpg 768w\" sizes=\"auto, (max-width: 900px) 100vw, 900px\" \/><br \/>\n<strong><br \/>\n&#8220;HERKES BAH\u015e\u0130\u015e \u00d6DEMEYE BA\u015eLAYINCA BAH\u015e\u0130\u015eLER ARTACAK&#8221;<\/strong><\/p>\n<p>Avukat \u00dcz\u00fclmez, bah\u015fi\u015f miktar\u0131n\u0131n her ge\u00e7en g\u00fcn artaca\u011f\u0131n\u0131 ifade ederek, &#8220;Bah\u015fi\u015f nedir? Normalde bir hizmet al\u0131rs\u0131n\u0131z ve hizmeti ald\u0131\u011f\u0131n\u0131zda memnun ayr\u0131l\u0131rs\u0131n\u0131z. G\u00f6nl\u00fcn\u00fczden kopan bir para verirsiniz ama burada hizmeti almadan bir para garantisi veriyorsunuz. Taksici geldi hizmeti be\u011fenmedi\u011finizde yine de bah\u015fi\u015fi \u00f6demek zorunda kalacaks\u0131n\u0131z. Burada asl\u0131nda taksi eri\u015fim s\u00fcresini k\u0131saltmak i\u00e7in \u00f6demi\u015f oldu\u011fumuz bir \u00f6n \u00f6deme var. Her ne kadar taksi eri\u015fim s\u00fcresi k\u0131sa olsa da bu sefer bu rakamlar normalle\u015fmeye ba\u015flayacak. Herkes bah\u015fi\u015f \u00f6demeye ba\u015flayaca\u011f\u0131 i\u00e7in bu sefer bah\u015fi\u015fler artmaya ba\u015flayacak. Bug\u00fcn 15 TL bah\u015fi\u015f verebiliyorsan\u0131z bu art\u0131k normalle\u015fecek ve o bah\u015fi\u015f oran\u0131 50 TL&#8217;ye \u00e7\u0131kacak. Ancak ald\u0131\u011f\u0131n\u0131z hizmet ayn\u0131 kalacak. Biz bu sebeple bunu desteklemiyoruz. Konfederasyon olarak da uygulaman\u0131n sahiplerinin bu y\u00f6ntemi bir kez daha d\u00fc\u015f\u00fcnmesini istiyoruz. Kald\u0131rabiliyorlarsa kald\u0131rmalar\u0131n\u0131 rica ediyoruz. Muhataplar\u0131yla bir toplant\u0131 da yap\u0131labilir&#8221; diye konu\u015ftu.<\/p>\n<p><img loading=\"lazy\" decoding=\"async\" src=\"https:\/\/haberkartal.com\/wp-content\/uploads\/2022\/10\/taksi4.jpg\" alt=\"\" width=\"900\" height=\"1533\" class=\"alignnone size-full wp-image-16862\" srcset=\"https:\/\/www.haberkartal.tr\/tr-int\/wp-content\/uploads\/2022\/10\/taksi4.jpg 900w, https:\/\/www.haberkartal.tr\/tr-int\/wp-content\/uploads\/2022\/10\/taksi4-176x300.jpg 176w, https:\/\/www.haberkartal.tr\/tr-int\/wp-content\/uploads\/2022\/10\/taksi4-601x1024.jpg 601w, https:\/\/www.haberkartal.tr\/tr-int\/wp-content\/uploads\/2022\/10\/taksi4-768x1308.jpg 768w\" sizes=\"auto, (max-width: 900px) 100vw, 900px\" \/><\/p>\n<p><strong>&#8220;15 TL \u0130LE KAHVEHANEDE \u00c7AY \u0130\u00c7\u0130YORLAR&#8221;<\/strong><\/p>\n<p>18 y\u0131ld\u0131r taksicilik yapt\u0131\u011f\u0131n\u0131 belirten \u0130brahim Keskin, &#8220;O se\u00e7enek zaten orada yaz\u0131l\u0131. M\u00fc\u015fteri ona t\u0131klad\u0131ysa verir. Bah\u015fi\u015fe t\u0131klamad\u0131\u011f\u0131 s\u00fcrece onu kayg\u0131land\u0131racak bir \u015fey yok. Bence mant\u0131kl\u0131. M\u00fc\u015fteri ister kullan\u0131r ister kullanmaz&#8221; dedi. Taksici Turan Sert, &#8220;G\u00fczel bir \u015fey. Desteklemeyen m\u00fc\u015fteriler onaylamas\u0131n. 15 TL ile kahvehanede \u00e7ay i\u00e7iyorlar ne olacak&#8221; diye konu\u015ftu. <\/p>\n<p>Semih Akdeniz, &#8220;Mant\u0131kl\u0131 olmaz bence. Taksici sadece \u00fccretini als\u0131n. Neden bah\u015fi\u015f vereyim ki? Taksici zaten \u00fccretini al\u0131yor. Bah\u015fi\u015f m\u00fc\u015fterinin g\u00f6nl\u00fcnden ge\u00e7en bir \u015fey. Verirse verir, vermezse vermez. Mecburiyet ko\u015fmak gibi, yanl\u0131\u015f bir durum&#8221; dedi. Gizem \u00c7elik ise &#8220;Her yerde para verenin ayr\u0131cal\u0131\u011f\u0131 var. Takside de olmasaym\u0131\u015f iyi olurmu\u015f&#8221; \u015feklinde konu\u015ftu.<\/p>\n","protected":false},"excerpt":{"rendered":"<p>Taksi \u00e7a\u011f\u0131rma uygulamas\u0131na eklenen &#8216;Bah\u015fi\u015fli \u00c7a\u011f\u0131r&#8217; se\u00e7ene\u011fi taksicilerle yolcular\u0131 kar\u015f\u0131 kar\u015f\u0131ya getirdi. Uygulama baz\u0131 yolcular\u0131n tepkisini \u00e7ekerken, baz\u0131 taksiciler ise bu durumdan memnun. T\u00fcrk Giri\u015fim ve \u0130\u015f D\u00fcnyas\u0131 Konfederasyonu Hukuk Komisyonu \u00dcyesi Av. Tayfun \u00dcz\u00fclmez, &#8220;Taksici geldi, hizmeti be\u011fenmedi\u011finizde yine de bah\u015fi\u015fi \u00f6demek zorunda kalacaks\u0131n\u0131z. Burada asl\u0131nda taksi eri\u015fim s\u00fcresini k\u0131saltmak i\u00e7in \u00f6demi\u015f oldu\u011fumuz bir &#8216;\u00f6n \u00f6deme&#8217; var. Her ne kadar taksi eri\u015fim s\u00fcresi k\u0131sa olsa da bu sefer bu rakamlar normalle\u015fmeye ba\u015flayacak. Herkes bah\u015fi\u015f \u00f6demeye ba\u015flayaca\u011f\u0131 i\u00e7in bu sefer bah\u015fi\u015fler artmaya ba\u015flayacak&#8221; dedi. <\/p>\n","protected":false},"author":8,"featured_media":16859,"comment_status":"open","ping_status":"open","sticky":false,"template":"","format":"standard","meta":{"footnotes":""},"categories":[42],"tags":[2177,541,418],"class_list":["post-16857","post","type-post","status-publish","format-standard","has-post-thumbnail","hentry","category-istanbul","tag-bahsis","tag-manset","tag-taksi"],"_links":{"self":[{"href":"https:\/\/www.haberkartal.tr\/tr-int\/wp-json\/wp\/v2\/posts\/16857","targetHints":{"allow":["GET"]}}],"collection":[{"href":"https:\/\/www.haberkartal.tr\/tr-int\/wp-json\/wp\/v2\/posts"}],"about":[{"href":"https:\/\/www.haberkartal.tr\/tr-int\/wp-json\/wp\/v2\/types\/post"}],"author":[{"embeddable":true,"href":"https:\/\/www.haberkartal.tr\/tr-int\/wp-json\/wp\/v2\/users\/8"}],"replies":[{"embeddable":true,"href":"https:\/\/www.haberkartal.tr\/tr-int\/wp-json\/wp\/v2\/comments?post=16857"}],"version-history":[{"count":1,"href":"https:\/\/www.haberkartal.tr\/tr-int\/wp-json\/wp\/v2\/posts\/16857\/revisions"}],"predecessor-version":[{"id":16863,"href":"https:\/\/www.haberkartal.tr\/tr-int\/wp-json\/wp\/v2\/posts\/16857\/revisions\/16863"}],"wp:featuredmedia":[{"embeddable":true,"href":"https:\/\/www.haberkartal.tr\/tr-int\/wp-json\/wp\/v2\/media\/16859"}],"wp:attachment":[{"href":"https:\/\/www.haberkartal.tr\/tr-int\/wp-json\/wp\/v2\/media?parent=16857"}],"wp:term":[{"taxonomy":"category","embeddable":true,"href":"https:\/\/www.haberkartal.tr\/tr-int\/wp-json\/wp\/v2\/categories?post=16857"},{"taxonomy":"post_tag","embeddable":true,"href":"https:\/\/www.haberkartal.tr\/tr-int\/wp-json\/wp\/v2\/tags?post=16857"}],"curies":[{"name":"wp","href":"https:\/\/api.w.org\/{rel}","templated":true}]}}