{"id":17334,"date":"2022-10-23T19:13:12","date_gmt":"2022-10-23T16:13:12","guid":{"rendered":"https:\/\/haberkartal.com\/?p=17334"},"modified":"2022-10-23T19:13:12","modified_gmt":"2022-10-23T16:13:12","slug":"baskan-yazici-benim-fikrim-var-diyen-herkese-kapimiz-acik","status":"publish","type":"post","link":"https:\/\/www.haberkartal.tr\/tr-int\/tuzla\/baskan-yazici-benim-fikrim-var-diyen-herkese-kapimiz-acik\/17334\/","title":{"rendered":"Ba\u015fkan Yaz\u0131c\u0131; \u201cBenim Fikrim Var Diyen\u2019 Herkese Kap\u0131m\u0131z A\u00e7\u0131k\u201d"},"content":{"rendered":"<p>Tuzla Belediye Ba\u015fkan\u0131 Dr. \u015eadi Yaz\u0131c\u0131, \u0130stanbul Kalk\u0131nma Ajans\u0131 Genel Sekreteri Dr. Erkam T\u00fczgen ile birlikte, T\u00fcrkiye\u2019de yerel y\u00f6netimler baz\u0131ndan  KOSGEB i\u015fbirli\u011fi ile \u0130lk kez kurulan Tuzla Belediyesi Teknoloji Merkezi\u2019ndeki giri\u015fimcileri ziyaret ettiler. Ba\u015fkan Yaz\u0131c\u0131 ve T\u00fczgen, T\u00fcrkiye\u2019nin en fonksiyonel park\u0131 olan Tuzla Belediyesi \u015eelale E\u011fitim Park\u0131 i\u00e7erisinde inovatif fikirlere ev sahipli\u011fi yapan TEKMER i\u00e7erisindeki giri\u015fimciler ile tek tek sohbet ederek \u00e7al\u0131\u015fmalar hakk\u0131nda bilgi ald\u0131lar. Gen\u00e7 giri\u015fimciler, hem \u00e7al\u0131\u015fmalar\u0131n\u0131 anlatabildikleri hem de TEKMER\u2019deki desteklerinden \u00f6t\u00fcr\u00fc Ba\u015fkan Yaz\u0131c\u0131\u2019ya te\u015fekk\u00fcr ettiler. <\/p>\n<p><strong>\u201cBEN\u0130M F\u0130KR\u0130M VAR D\u0130YEN\u2019 HERKESE KAPIMIZ A\u00c7IK\u201d<\/strong><\/p>\n<p>Tuzla Belediye Ba\u015fkan\u0131 Dr. \u015eadi Yaz\u0131c\u0131,\u201d Teknoloji Merkezimiz hizmete girmi\u015f yeni startuplar kabul etmeye ba\u015flam\u0131\u015ft\u0131k. TEKMER\u2019imiz tekrar hay\u0131rl\u0131 olsun. Gen\u00e7lerimiz ba\u015fta olmak \u00fczere \u2018Benim fikrim var\u2019 diyen ve yeni startuplar\u0131 kabul ediyoruz. Buradaki startuplar\u0131 melek yat\u0131r\u0131mc\u0131 ile bulu\u015fturmak i\u00e7in elimizden gelen her \u015feyi yap\u0131yoruz. Hay\u0131rl\u0131 u\u011furlu olsun. Herkesi bekliyoruz.  Her t\u00fcrl\u00fc projeye biz burada ev sahipli\u011fi yapabiliriz. Startuplar konusunda \u00e7izgilerimiz yok, \u2018Benim fikrim var diyen\u2019 herkese kap\u0131m\u0131z a\u00e7\u0131k\u201d dedi.  <\/p>\n<p><img loading=\"lazy\" decoding=\"async\" src=\"https:\/\/haberkartal.com\/wp-content\/uploads\/2022\/10\/tuzla3-3.jpg\" alt=\"\" width=\"900\" height=\"600\" class=\"alignnone size-full wp-image-17338\" srcset=\"https:\/\/www.haberkartal.tr\/tr-int\/wp-content\/uploads\/2022\/10\/tuzla3-3.jpg 900w, https:\/\/www.haberkartal.tr\/tr-int\/wp-content\/uploads\/2022\/10\/tuzla3-3-300x200.jpg 300w, https:\/\/www.haberkartal.tr\/tr-int\/wp-content\/uploads\/2022\/10\/tuzla3-3-768x512.jpg 768w, https:\/\/www.haberkartal.tr\/tr-int\/wp-content\/uploads\/2022\/10\/tuzla3-3-282x188.jpg 282w\" sizes=\"auto, (max-width: 900px) 100vw, 900px\" \/><\/p>\n<p><strong>\u201cGER\u00c7EKTEN \u00c7OK GURUR VER\u0130C\u0130 VE UFUK VER\u0130C\u0130 \u0130\u015eLER OLDU\u201d<\/strong><\/p>\n<p>\u0130stanbul Kalk\u0131nma Ajans\u0131 Genel Sekreteri Dr. Erkam T\u00fczgen,\u201d Yak\u0131n zamanda burada TEKMER a\u00e7\u0131ld\u0131. Burada giri\u015fimcilerimizi ziyaret ettik. Oyun giri\u015fimcimiz var. Sa\u011fl\u0131k teknolojileri \u00fcretecek bir giri\u015fimcimizi ziyaret ettik. Deniz ta\u015f\u0131tlar\u0131 i\u00e7in elektrik motoru geli\u015ftiren bir giri\u015fimcimizi ziyaret ettik. Olduk\u00e7a etkileyici ve ileri teknoloji \u00fcreten giri\u015fimcilerimize bir merkez sa\u011flam\u0131\u015f oldu Tuzla Belediyemiz KOSGEB ile i\u015f birli\u011finde. Gezmek ve g\u00f6rmekten dolay\u0131 \u00e7ok mutluyum. Ger\u00e7ekten \u00e7ok gurur verici ve ufuk verici i\u015fler oldu. Gen\u00e7lerimizi buraya davet etmek istiyorum\u201d dedi. <\/p>\n","protected":false},"excerpt":{"rendered":"<p>Tuzla Belediye Ba\u015fkan\u0131 Dr. \u015eadi Yaz\u0131c\u0131, \u0130stanbul Kalk\u0131nma Ajans\u0131 Genel Sekreteri Dr. Erkam T\u00fczgen ile birlikte Tuzla Belediyesi Teknoloji Merkezi i\u00e7erisinde bulunan gen\u00e7 giri\u015fimcileri ziyaret ettiler.<\/p>\n","protected":false},"author":2,"featured_media":17336,"comment_status":"open","ping_status":"open","sticky":false,"template":"","format":"standard","meta":{"footnotes":""},"categories":[6],"tags":[1758,541,448],"class_list":["post-17334","post","type-post","status-publish","format-standard","has-post-thumbnail","hentry","category-tuzla","tag-dr-sadi-yazici","tag-manset","tag-teknoloji"],"_links":{"self":[{"href":"https:\/\/www.haberkartal.tr\/tr-int\/wp-json\/wp\/v2\/posts\/17334","targetHints":{"allow":["GET"]}}],"collection":[{"href":"https:\/\/www.haberkartal.tr\/tr-int\/wp-json\/wp\/v2\/posts"}],"about":[{"href":"https:\/\/www.haberkartal.tr\/tr-int\/wp-json\/wp\/v2\/types\/post"}],"author":[{"embeddable":true,"href":"https:\/\/www.haberkartal.tr\/tr-int\/wp-json\/wp\/v2\/users\/2"}],"replies":[{"embeddable":true,"href":"https:\/\/www.haberkartal.tr\/tr-int\/wp-json\/wp\/v2\/comments?post=17334"}],"version-history":[{"count":1,"href":"https:\/\/www.haberkartal.tr\/tr-int\/wp-json\/wp\/v2\/posts\/17334\/revisions"}],"predecessor-version":[{"id":17339,"href":"https:\/\/www.haberkartal.tr\/tr-int\/wp-json\/wp\/v2\/posts\/17334\/revisions\/17339"}],"wp:featuredmedia":[{"embeddable":true,"href":"https:\/\/www.haberkartal.tr\/tr-int\/wp-json\/wp\/v2\/media\/17336"}],"wp:attachment":[{"href":"https:\/\/www.haberkartal.tr\/tr-int\/wp-json\/wp\/v2\/media?parent=17334"}],"wp:term":[{"taxonomy":"category","embeddable":true,"href":"https:\/\/www.haberkartal.tr\/tr-int\/wp-json\/wp\/v2\/categories?post=17334"},{"taxonomy":"post_tag","embeddable":true,"href":"https:\/\/www.haberkartal.tr\/tr-int\/wp-json\/wp\/v2\/tags?post=17334"}],"curies":[{"name":"wp","href":"https:\/\/api.w.org\/{rel}","templated":true}]}}