{"id":17415,"date":"2022-10-26T17:05:52","date_gmt":"2022-10-26T14:05:52","guid":{"rendered":"https:\/\/haberkartal.com\/?p=17415"},"modified":"2022-10-26T17:05:52","modified_gmt":"2022-10-26T14:05:52","slug":"cekmekoyde-kadinin-supheli-olumunde-kocasi-tutuklandi","status":"publish","type":"post","link":"https:\/\/www.haberkartal.tr\/tr-int\/istanbul\/cekmekoyde-kadinin-supheli-olumunde-kocasi-tutuklandi\/17415\/","title":{"rendered":"\u00c7ekmek\u00f6y&#8217;de kad\u0131n\u0131n \u015f\u00fcpheli \u00f6l\u00fcm\u00fcnde kocas\u0131 tutukland\u0131"},"content":{"rendered":"<p>Muhammet \u00d6zgelen ifadesinde, &#8220;Rahats\u0131zlan\u0131nca banyoya g\u00f6t\u00fcr\u00fcp, su tutup kalp masaj\u0131 yapt\u0131m. Ambulans geldi, m\u00fcdahale etti. Ekiplerin kendi aralar\u0131ndaki konu\u015fmalar\u0131nda e\u015fimin mide kanamas\u0131 ge\u00e7irdi\u011fi s\u00f6ylendi. Daha sonra da e\u015fim vefat etti&#8221; dedi.  Kad\u0131n\u0131n yak\u0131nlar\u0131n\u0131n evin i\u00e7inde \u00e7ekti\u011fi foto\u011fraflarda duvarlarda kan olmas\u0131 dikkat \u00e7ekti.<\/p>\n<p>Mimar Sinan Mahallesi \u00d6zdemir Sokak&#8217;ta 24 Ekim Pazartesi gecesi ihbar \u00fczerine eve giden acil servis ekibi, 2 \u00e7ocuk annesi Zeynep \u00d6zgelen&#8217;in hayat\u0131n\u0131 kaybetti\u011fini belirledi. \u015e\u00fcpheli olarak de\u011ferlendirilen \u00f6l\u00fcmle ilgili kad\u0131n\u0131n e\u015fi Muhammet \u00d6zgelen g\u00f6zalt\u0131na al\u0131nd\u0131. Emniyetteki i\u015flemlerinin ard\u0131ndan Anadolu Adalet Saray\u0131&#8217;na sevk edilen Muhammet \u00d6zgelen, &#8216;E\u015fe kar\u015f\u0131 kasten \u00f6ld\u00fcrme&#8217; su\u00e7undan tutukland\u0131. Muhammet \u00d6zgelen ifadesinde, e\u015finin rahats\u0131zland\u0131\u011f\u0131n\u0131 ve bu nedenle hayat\u0131n\u0131 kaybetti\u011fini iddia etti. Zeynep \u00d6zgelen&#8217;in yak\u0131nlar\u0131n\u0131n evin i\u00e7erisinden \u00e7ekti\u011fi foto\u011fraflarda duvarlarda kan olmas\u0131 dikkat \u00e7ekti.<\/p>\n<p><strong>&#8220;BARI\u015eTI\u011eIMIZ \u0130\u00c7\u0130N DAVALARI GER\u0130 \u00c7EKT\u0130&#8221;<\/strong><\/p>\n<p>Muhammet \u00d6zgelen ifadesinde, 9 y\u0131ll\u0131k evliliklerinde 2 \u00e7ocuk sahibi olduklar\u0131n\u0131 belirterek, &#8220;Zeynep ile ailevi nedenlerden dolay\u0131 tart\u0131\u015fmalar\u0131m\u0131z oldu. Yakla\u015f\u0131k 6-7 y\u0131l \u00f6nce Zeynep&#8217;i darbetmem nedeniyle \u015fikayet\u00e7i oldu, bo\u015fanma davas\u0131 a\u00e7t\u0131. Daha sonra bar\u0131\u015ft\u0131k ve davalar\u0131 geri \u00e7ekti. Son 6 y\u0131ld\u0131r Zeynep Erzurum&#8217;da ya\u015f\u0131yordu. Aram\u0131zdaki sorunlardan de\u011fil, benim i\u015fim \u0130stanbul&#8217;da oldu\u011fu i\u00e7in, ben ayr\u0131 ya\u015f\u0131yordum. Ancak s\u0131k s\u0131k ziyaretine giderdim. Bu y\u0131l\u0131n a\u011fustos ay\u0131nda \u00c7ekmek\u00f6y&#8217;de ev tuttuk. Bu evde birlikte ya\u015famaya ba\u015flad\u0131k. Geldikleri tarihten, olay\u0131n oldu\u011fu tarihe kadar ara ara tart\u0131\u015fmalar\u0131m\u0131z oldu&#8221; ifadelerini kulland\u0131.  <\/p>\n<p><img loading=\"lazy\" decoding=\"async\" src=\"https:\/\/haberkartal.com\/wp-content\/uploads\/2022\/10\/cekmekoy3.jpg\" alt=\"\" width=\"900\" height=\"675\" class=\"alignnone size-full wp-image-17419\" srcset=\"https:\/\/www.haberkartal.tr\/tr-int\/wp-content\/uploads\/2022\/10\/cekmekoy3.jpg 900w, https:\/\/www.haberkartal.tr\/tr-int\/wp-content\/uploads\/2022\/10\/cekmekoy3-300x225.jpg 300w, https:\/\/www.haberkartal.tr\/tr-int\/wp-content\/uploads\/2022\/10\/cekmekoy3-768x576.jpg 768w\" sizes=\"auto, (max-width: 900px) 100vw, 900px\" \/><\/p>\n<p><strong>&#8220;KEND\u0130S\u0130NE GELMES\u0130 \u0130\u00c7\u0130N HAF\u0130F B\u0130R TOKAT ATTIM&#8221;<\/strong><\/p>\n<p>Muhammet \u00d6zgelen ifadesinin devam\u0131nda olay\u0131 \u015f\u00f6yle anlatt\u0131: &#8220;Yakla\u015f\u0131k 15 g\u00fcn \u00f6nceki tart\u0131\u015fmam\u0131zda Zeynep&#8217;e tokat atm\u0131\u015ft\u0131m. E\u015fim, ben yan\u0131ndayken rahats\u0131zland\u0131. M\u00fcdahale ettim ve bo\u011faz\u0131na ka\u00e7an dilini \u00e7ektim. Kendisine gelmesi i\u00e7in de hafif bir tokat att\u0131m, y\u00fcz\u00fcn\u00fc y\u0131kad\u0131m. Sonras\u0131nda da kusturdum. Bu m\u00fcdahalem neticesinde yava\u015f yava\u015f kendine gelmeye ba\u015flad\u0131. Bu s\u0131rada k\u0131z\u0131m\u0131z Beyza di\u011fer odadayd\u0131. Herhalde oda duydu ancak, Zeynep olay\u0131 anlat\u0131nca yan\u0131m\u0131za gelmedi. Ben de kendisine geldi\u011fi i\u00e7in ambulans\u0131 aramad\u0131m. Sonra tekrar rahats\u0131zlan\u0131nca, banyoya g\u00f6t\u00fcr\u00fcp su tutup, kalp masaj\u0131 yapt\u0131m. Daha sonra ambulans gelip m\u00fcdahale etti. Ekipler konu\u015fmalar\u0131nda e\u015fimin mide kanamas\u0131 ge\u00e7irdi\u011fini s\u00f6ylediler. Daha sonra da e\u015fim vefat etti. E\u015fimle zaman zaman s\u0131k\u0131nt\u0131 ya\u015fasak da e\u015fimi ben \u00f6ld\u00fcrmedim. Kendisini \u00f6ld\u00fcrmem i\u00e7in herhangi bir sebep ortada yok&#8221; dedi.<\/p>\n<p><img loading=\"lazy\" decoding=\"async\" src=\"https:\/\/haberkartal.com\/wp-content\/uploads\/2022\/10\/cekmekoy4.jpg\" alt=\"\" width=\"900\" height=\"1200\" class=\"alignnone size-full wp-image-17420\" srcset=\"https:\/\/www.haberkartal.tr\/tr-int\/wp-content\/uploads\/2022\/10\/cekmekoy4.jpg 900w, https:\/\/www.haberkartal.tr\/tr-int\/wp-content\/uploads\/2022\/10\/cekmekoy4-225x300.jpg 225w, https:\/\/www.haberkartal.tr\/tr-int\/wp-content\/uploads\/2022\/10\/cekmekoy4-768x1024.jpg 768w\" sizes=\"auto, (max-width: 900px) 100vw, 900px\" \/><\/p>\n<p><strong>&#8220;ANNE ANNE D\u0130YE A\u011eLADILAR&#8221;<\/strong><\/p>\n<p>Zeynep \u00d6zgelen&#8217;in kom\u015fusu, &#8220;E\u015fi okullar a\u00e7\u0131lmadan 1 hafta \u00f6nce buraya geldi. 6 ay \u00f6nce de adam burada tek ya\u015f\u0131yordu. Girip \u00e7\u0131kt\u0131\u011f\u0131n\u0131 dahi bilmiyorduk. E\u015fi yeni geldi zaten, 1,5 ayd\u0131r burada kal\u0131yordu. Daha \u00f6ncesinde Erzurum&#8217;dayken tart\u0131\u015fma ya\u015fanm\u0131\u015f. Bu olaydan 4 g\u00fcn \u00f6nce evde de tart\u0131\u015fma oldu. Neden oldu\u011funu bilmiyorum. Kad\u0131n odadayd\u0131 herhalde, \u00e7ocuklar\u0131 da yakla\u015f\u0131k yar\u0131m saat anne anne diye a\u011flad\u0131lar. Ba\u011f\u0131rma seslerini duymu\u015ftuk. Benim de di\u011fer kom\u015fular\u0131n da bu ki\u015fiyi g\u00f6z\u00fcm\u00fcz tutmad\u0131&#8221; \u015feklinde konu\u015ftu.<\/p>\n","protected":false},"excerpt":{"rendered":"<p>\u00c7ekmek\u00f6y&#8217;de evinde \u00f6l\u00fc bulunan 2 \u00e7ocuk annesi Zeynep \u00d6zgelen&#8217;in (36) e\u015fi Muhammet \u00d6zgelen, &#8216;E\u015fi kasten \u00f6ld\u00fcrme&#8217; su\u00e7undan tutukland\u0131.<\/p>\n","protected":false},"author":8,"featured_media":17417,"comment_status":"open","ping_status":"open","sticky":false,"template":"","format":"standard","meta":{"footnotes":""},"categories":[42],"tags":[208,1291,333,541],"class_list":["post-17415","post","type-post","status-publish","format-standard","has-post-thumbnail","hentry","category-istanbul","tag-cekmekoy","tag-cinayet","tag-kadin","tag-manset"],"_links":{"self":[{"href":"https:\/\/www.haberkartal.tr\/tr-int\/wp-json\/wp\/v2\/posts\/17415","targetHints":{"allow":["GET"]}}],"collection":[{"href":"https:\/\/www.haberkartal.tr\/tr-int\/wp-json\/wp\/v2\/posts"}],"about":[{"href":"https:\/\/www.haberkartal.tr\/tr-int\/wp-json\/wp\/v2\/types\/post"}],"author":[{"embeddable":true,"href":"https:\/\/www.haberkartal.tr\/tr-int\/wp-json\/wp\/v2\/users\/8"}],"replies":[{"embeddable":true,"href":"https:\/\/www.haberkartal.tr\/tr-int\/wp-json\/wp\/v2\/comments?post=17415"}],"version-history":[{"count":1,"href":"https:\/\/www.haberkartal.tr\/tr-int\/wp-json\/wp\/v2\/posts\/17415\/revisions"}],"predecessor-version":[{"id":17421,"href":"https:\/\/www.haberkartal.tr\/tr-int\/wp-json\/wp\/v2\/posts\/17415\/revisions\/17421"}],"wp:featuredmedia":[{"embeddable":true,"href":"https:\/\/www.haberkartal.tr\/tr-int\/wp-json\/wp\/v2\/media\/17417"}],"wp:attachment":[{"href":"https:\/\/www.haberkartal.tr\/tr-int\/wp-json\/wp\/v2\/media?parent=17415"}],"wp:term":[{"taxonomy":"category","embeddable":true,"href":"https:\/\/www.haberkartal.tr\/tr-int\/wp-json\/wp\/v2\/categories?post=17415"},{"taxonomy":"post_tag","embeddable":true,"href":"https:\/\/www.haberkartal.tr\/tr-int\/wp-json\/wp\/v2\/tags?post=17415"}],"curies":[{"name":"wp","href":"https:\/\/api.w.org\/{rel}","templated":true}]}}