{"id":17422,"date":"2022-10-26T17:16:42","date_gmt":"2022-10-26T14:16:42","guid":{"rendered":"https:\/\/haberkartal.com\/?p=17422"},"modified":"2022-10-26T17:17:59","modified_gmt":"2022-10-26T14:17:59","slug":"istanbul-barosunun-ilk-kadin-baskani-gorevi-basladi","status":"publish","type":"post","link":"https:\/\/www.haberkartal.tr\/tr-int\/istanbul\/istanbul-barosunun-ilk-kadin-baskani-gorevi-basladi\/17422\/","title":{"rendered":"\u0130stanbul Barosu&#8217;nun ilk kad\u0131n ba\u015fkan\u0131 g\u00f6reve ba\u015flad\u0131"},"content":{"rendered":"<p>\u0130stanbul Barosu merkez binas\u0131 konferans salonunda d\u00fczenlenen devir teslim t\u00f6renine, eski ve yeni y\u00f6netim kurulu \u00fcyeleri, il\u00e7e temsilcileri ve baro \u00fcyeleri kat\u0131ld\u0131. <\/p>\n<p><strong>&#8220;BARO OLARAK \u0130LK KEZ B\u0130R KADIN BA\u015eKAN SE\u00c7M\u0130\u015e OLMANIN GURURUNU YA\u015eIYORUM&#8221;<\/strong><\/p>\n<p>G\u00f6revini devreden eski Baro Ba\u015fkan\u0131 Mehmet Durako\u011flu, ilk kez bir kad\u0131n ba\u015fkan se\u00e7ilmi\u015f olmas\u0131n\u0131n gururunu ya\u015fad\u0131klar\u0131n\u0131 ifade ederek, &#8220;\u00d6zellikle kad\u0131n cinayetlerinin \u00e7o\u011fald\u0131\u011f\u0131 bir d\u00f6nemde, o m\u00fccadeleyi fiilen yapan, o alanda \u00f6rg\u00fctlenmi\u015f olan bir kurumsall\u0131k olarak, \u015fimdi kendi kurumunun ba\u015f\u0131na da bir kad\u0131n getiriyor olmak nedeniyle, ne kadar \u00f6v\u00fcnse ne kadar gurur duysa azd\u0131r diye d\u00fc\u015f\u00fcn\u00fcyorum. Bu ba\u015far\u0131 hepimize ait, bu ba\u015far\u0131 meslekta\u015flar\u0131m\u0131za ait, bu nedenle ger\u00e7ekten de bu ba\u015far\u0131ya ortak olan olmayan b\u00fct\u00fcn meslekta\u015flar\u0131m\u0131za, \u00f6zellikle giden bir baro ba\u015fkan\u0131 olarak te\u015fekk\u00fcr etmek istiyorum. Tarihe bunu yazd\u0131rd\u0131klar\u0131 i\u00e7in te\u015fekk\u00fcr ediyorum&#8221; dedi. Durako\u011flu, konu\u015fmas\u0131n\u0131n ard\u0131ndan yeni Ba\u015fkan Sara\u00e7&#8217;a avukatl\u0131k c\u00fcbbesini giydirdi. <\/p>\n<p><img loading=\"lazy\" decoding=\"async\" src=\"https:\/\/haberkartal.com\/wp-content\/uploads\/2022\/10\/baro3.jpg\" alt=\"\" width=\"900\" height=\"506\" class=\"alignnone size-full wp-image-17426\" srcset=\"https:\/\/www.haberkartal.tr\/tr-int\/wp-content\/uploads\/2022\/10\/baro3.jpg 900w, https:\/\/www.haberkartal.tr\/tr-int\/wp-content\/uploads\/2022\/10\/baro3-300x169.jpg 300w, https:\/\/www.haberkartal.tr\/tr-int\/wp-content\/uploads\/2022\/10\/baro3-768x432.jpg 768w\" sizes=\"auto, (max-width: 900px) 100vw, 900px\" \/><\/p>\n<p><strong>&#8220;\u0130STANBUL BAROSU T\u00dcM MESLEKTA\u015eLARIMIZIN BAROSUDUR<\/strong><\/p>\n<p>\u0130stanbul Barosu&#8217;nun yeni Ba\u015fkan\u0131 Filiz Sara\u00e7 konu\u015fmas\u0131nda, &#8220;Baro Ba\u015fkan\u0131m\u0131z Avukat Mehmet Durako\u011flu ba\u015fta olmak \u00fczere, \u00f6nceki d\u00f6nem y\u00f6netim kurulu, disiplin kurulu ve denetleme kurulu \u00fcyelerimize T\u00fcrkiye Barolar Birli\u011fi delegelerimize, baromuza bug\u00fcne kadar verdikleri emek i\u00e7in ayr\u0131 ayr\u0131 te\u015fekk\u00fcr ederiz. \u0130stanbul Barosu, t\u00fcm meslekta\u015flar\u0131m\u0131z\u0131n barosudur. Hep birlikte yarg\u0131 ba\u011f\u0131ms\u0131zl\u0131\u011f\u0131, hukukun \u00fcst\u00fcnl\u00fc\u011f\u00fc ve adalet i\u00e7in mesle\u011fimizin ve meslekta\u015flar\u0131m\u0131z\u0131n sorunlar\u0131n\u0131n \u00e7\u00f6z\u00fcm\u00fc i\u00e7in m\u00fccadeleye devam edece\u011fiz&#8221; diye konu\u015ftu.<\/p>\n<p>T\u00f6ren sonras\u0131 t\u00fcm avukatlar sahneye \u00e7\u0131karak hat\u0131ra foto\u011fraf\u0131 \u00e7ektirdi.<\/p>\n","protected":false},"excerpt":{"rendered":"<p>\u0130stanbul Barosu&#8217;nun ge\u00e7ti\u011fimiz haftasonu yap\u0131lan genel kurulunda se\u00e7ilen ilk kad\u0131n ba\u015fkan\u0131 Avukat Filiz Sara\u00e7,  g\u00f6revi eski ba\u015fkan Mehmet Durako\u011flu&#8217;ndan devrald\u0131. 144 y\u0131ll\u0131k tarihinde ilk kad\u0131n Baro Ba\u015fkan\u0131 olan Filiz Sara\u00e7, &#8220;Hep birlikte yarg\u0131 ba\u011f\u0131ms\u0131zl\u0131\u011f\u0131, hukukun \u00fcst\u00fcnl\u00fc\u011f\u00fc ve adalet i\u00e7in, mesle\u011fimizin ve meslekta\u015flar\u0131m\u0131z\u0131n sorunlar\u0131n\u0131n \u00e7\u00f6z\u00fcm\u00fc i\u00e7in m\u00fccadeleye devam edece\u011fiz&#8221; dedi.<\/p>\n","protected":false},"author":8,"featured_media":17424,"comment_status":"open","ping_status":"open","sticky":false,"template":"","format":"standard","meta":{"footnotes":""},"categories":[42],"tags":[467,1595,2216,541],"class_list":["post-17422","post","type-post","status-publish","format-standard","has-post-thumbnail","hentry","category-istanbul","tag-avukat","tag-baro","tag-filiz-sarac","tag-manset"],"_links":{"self":[{"href":"https:\/\/www.haberkartal.tr\/tr-int\/wp-json\/wp\/v2\/posts\/17422","targetHints":{"allow":["GET"]}}],"collection":[{"href":"https:\/\/www.haberkartal.tr\/tr-int\/wp-json\/wp\/v2\/posts"}],"about":[{"href":"https:\/\/www.haberkartal.tr\/tr-int\/wp-json\/wp\/v2\/types\/post"}],"author":[{"embeddable":true,"href":"https:\/\/www.haberkartal.tr\/tr-int\/wp-json\/wp\/v2\/users\/8"}],"replies":[{"embeddable":true,"href":"https:\/\/www.haberkartal.tr\/tr-int\/wp-json\/wp\/v2\/comments?post=17422"}],"version-history":[{"count":3,"href":"https:\/\/www.haberkartal.tr\/tr-int\/wp-json\/wp\/v2\/posts\/17422\/revisions"}],"predecessor-version":[{"id":17429,"href":"https:\/\/www.haberkartal.tr\/tr-int\/wp-json\/wp\/v2\/posts\/17422\/revisions\/17429"}],"wp:featuredmedia":[{"embeddable":true,"href":"https:\/\/www.haberkartal.tr\/tr-int\/wp-json\/wp\/v2\/media\/17424"}],"wp:attachment":[{"href":"https:\/\/www.haberkartal.tr\/tr-int\/wp-json\/wp\/v2\/media?parent=17422"}],"wp:term":[{"taxonomy":"category","embeddable":true,"href":"https:\/\/www.haberkartal.tr\/tr-int\/wp-json\/wp\/v2\/categories?post=17422"},{"taxonomy":"post_tag","embeddable":true,"href":"https:\/\/www.haberkartal.tr\/tr-int\/wp-json\/wp\/v2\/tags?post=17422"}],"curies":[{"name":"wp","href":"https:\/\/api.w.org\/{rel}","templated":true}]}}