{"id":17436,"date":"2022-10-26T19:51:14","date_gmt":"2022-10-26T16:51:14","guid":{"rendered":"https:\/\/haberkartal.com\/?p=17436"},"modified":"2022-10-26T19:51:14","modified_gmt":"2022-10-26T16:51:14","slug":"arkadaslariyla-yururken-silahli-saldirida-olduruldu","status":"publish","type":"post","link":"https:\/\/www.haberkartal.tr\/tr-int\/istanbul\/arkadaslariyla-yururken-silahli-saldirida-olduruldu\/17436\/","title":{"rendered":"Arkada\u015flar\u0131yla y\u00fcr\u00fcrken silahl\u0131 sald\u0131r\u0131da \u00f6ld\u00fcr\u00fcld\u00fc"},"content":{"rendered":"<p>Olay, saat 17.00 s\u0131ralar\u0131nda Yenisahra Mahallesi Erc\u00fcment Batanay Caddesi&#8217;nde meydana geldi. \u0130ddiaya g\u00f6re, caddede y\u00fcr\u00fcyen 4 ki\u015filik arkada\u015f grubuna gelen otomobildeki ki\u015filer taraf\u0131ndan silahl\u0131 sald\u0131r\u0131 d\u00fczenlendi. Sald\u0131r\u0131da ad\u0131 \u00f6\u011frenilemeyen Azerbaycan uyruklu bir ki\u015fi v\u00fccuduna \u00e7ok say\u0131da kur\u015fun isabet etmesiyle yere y\u0131\u011f\u0131ld\u0131. Sald\u0131rganlar geldikleri otomobille ka\u00e7t\u0131. Arkada\u015flar\u0131 taraf\u0131ndan \u00f6zel bir hastaneye kald\u0131r\u0131lan yaral\u0131, yap\u0131lan t\u00fcm m\u00fcdahalelere ra\u011fmen kurtar\u0131lamayarak hayat\u0131n\u0131 kaybetti. Bildirilmesiyle olay yerine gelen polis ekipleri, g\u00fcvenlik \u015feridi \u00e7ekerek b\u00f6lgede uzun s\u00fcre inceleme yapt\u0131. Bulunan \u00e7ok say\u0131da bo\u015f kovan incelenmek \u00fczere emniyete g\u00f6t\u00fcr\u00fcld\u00fc.<\/p>\n<p>Olay ile ilgili konu\u015fan Himmet Kaya, &#8220;Azerbaycan uyruklu oldu\u011funu \u00f6\u011frendi\u011fimiz bir vatanda\u015fa kimli\u011fi belirsiz ki\u015filer taraf\u0131ndan 6 tane kur\u015fun s\u0131k\u0131ld\u0131. Yaral\u0131 halde hastaneye g\u00f6t\u00fcr\u00fcld\u00fc\u011f\u00fc s\u00f6ylendi. Ya\u015fay\u0131p ya\u015famad\u0131\u011f\u0131na dair net bilgim yok&#8221; dedi. Polis sald\u0131rganlar\u0131 yakalamak i\u00e7in \u00e7al\u0131\u015fma ba\u015flatt\u0131. <\/p>\n<p><img loading=\"lazy\" decoding=\"async\" src=\"https:\/\/haberkartal.com\/wp-content\/uploads\/2022\/10\/silah3-1.jpg\" alt=\"\" width=\"900\" height=\"506\" class=\"alignnone size-full wp-image-17440\" srcset=\"https:\/\/www.haberkartal.tr\/tr-int\/wp-content\/uploads\/2022\/10\/silah3-1.jpg 900w, https:\/\/www.haberkartal.tr\/tr-int\/wp-content\/uploads\/2022\/10\/silah3-1-300x169.jpg 300w, https:\/\/www.haberkartal.tr\/tr-int\/wp-content\/uploads\/2022\/10\/silah3-1-768x432.jpg 768w\" sizes=\"auto, (max-width: 900px) 100vw, 900px\" \/><\/p>\n","protected":false},"excerpt":{"rendered":"<p>Ata\u015fehir&#8217;de arkada\u015flar\u0131yla caddede y\u00fcr\u00fcrken ki\u015fi, gelen otomobille ki\u015filerin silahl\u0131 sald\u0131r\u0131s\u0131 sonucu hayat\u0131n\u0131 kaybetti.<\/p>\n","protected":false},"author":8,"featured_media":17438,"comment_status":"open","ping_status":"open","sticky":false,"template":"","format":"standard","meta":{"footnotes":""},"categories":[42],"tags":[207,541,823,308],"class_list":["post-17436","post","type-post","status-publish","format-standard","has-post-thumbnail","hentry","category-istanbul","tag-atasehir","tag-manset","tag-saldiri","tag-silah"],"_links":{"self":[{"href":"https:\/\/www.haberkartal.tr\/tr-int\/wp-json\/wp\/v2\/posts\/17436","targetHints":{"allow":["GET"]}}],"collection":[{"href":"https:\/\/www.haberkartal.tr\/tr-int\/wp-json\/wp\/v2\/posts"}],"about":[{"href":"https:\/\/www.haberkartal.tr\/tr-int\/wp-json\/wp\/v2\/types\/post"}],"author":[{"embeddable":true,"href":"https:\/\/www.haberkartal.tr\/tr-int\/wp-json\/wp\/v2\/users\/8"}],"replies":[{"embeddable":true,"href":"https:\/\/www.haberkartal.tr\/tr-int\/wp-json\/wp\/v2\/comments?post=17436"}],"version-history":[{"count":1,"href":"https:\/\/www.haberkartal.tr\/tr-int\/wp-json\/wp\/v2\/posts\/17436\/revisions"}],"predecessor-version":[{"id":17441,"href":"https:\/\/www.haberkartal.tr\/tr-int\/wp-json\/wp\/v2\/posts\/17436\/revisions\/17441"}],"wp:featuredmedia":[{"embeddable":true,"href":"https:\/\/www.haberkartal.tr\/tr-int\/wp-json\/wp\/v2\/media\/17438"}],"wp:attachment":[{"href":"https:\/\/www.haberkartal.tr\/tr-int\/wp-json\/wp\/v2\/media?parent=17436"}],"wp:term":[{"taxonomy":"category","embeddable":true,"href":"https:\/\/www.haberkartal.tr\/tr-int\/wp-json\/wp\/v2\/categories?post=17436"},{"taxonomy":"post_tag","embeddable":true,"href":"https:\/\/www.haberkartal.tr\/tr-int\/wp-json\/wp\/v2\/tags?post=17436"}],"curies":[{"name":"wp","href":"https:\/\/api.w.org\/{rel}","templated":true}]}}