{"id":18170,"date":"2022-11-18T13:35:42","date_gmt":"2022-11-18T10:35:42","guid":{"rendered":"https:\/\/haberkartal.com\/?p=18170"},"modified":"2022-11-18T13:35:42","modified_gmt":"2022-11-18T10:35:42","slug":"kartalda-hemsireyi-olduren-zanli-ilk-kez-hakim-karsisina-cikti","status":"publish","type":"post","link":"https:\/\/www.haberkartal.tr\/tr-int\/kartal\/kartalda-hemsireyi-olduren-zanli-ilk-kez-hakim-karsisina-cikti\/18170\/","title":{"rendered":"Kartal&#8217;da hem\u015fireyi \u00f6ld\u00fcren zanl\u0131 ilk kez hak\u0131m kar\u015f\u0131s\u0131na \u00e7\u0131kt\u0131"},"content":{"rendered":"<p>Savunmada di\u011fer san\u0131klar\u0131n d\u0131\u015far\u0131 \u00e7\u0131kar\u0131lmas\u0131na tepki g\u00f6steren san\u0131k Rahmi Uygun SEGB\u0130S sistemini terk etti. Duru\u015fmada savunma yapan di\u011fer tutuklu san\u0131k Musa Teymur, &#8220;D\u00f6n\u00fc\u015fte arabaya bindi normal bir insan gibi. Panik falan de\u011fildi, \u00e7ok sakindi. Sonra mont almaya gittik. Polisler bizi yakalay\u0131nca silah\u0131n\u0131n oldu\u011funu \u00f6\u011frendim&#8221; dedi.<\/p>\n<p>Anadolu 16. A\u011f\u0131r Ceza Mahkemesinde g\u00f6r\u00fclen ilk duru\u015fmaya tutuklu san\u0131k Rahmi Uygun SEGB\u0130S sistemi ile ba\u011fland\u0131. Rahmi Uygun\u2019a yard\u0131m etti\u011fi iddia edilen di\u011fer tutuklu san\u0131klar Musa Teymur ve Y\u00fccel \u00d6zcan duru\u015fma salonuna getirildi. Duru\u015fmada taraf avukatlar\u0131 haz\u0131r bulundu.<\/p>\n<p><strong>&#8220;BEN \u00c7IKIYORUM KAFANIZA G\u00d6RE KARAR VER\u0130N&#8221;<\/strong><\/p>\n<p>M\u00fc\u015fteki avukat\u0131 san\u0131k Rahmi Uygun\u2019un savunma yaparken di\u011fer san\u0131klar\u0131n d\u0131\u015far\u0131 \u00e7\u0131kar\u0131lmas\u0131n\u0131 talep etti. Mahkeme bu talebi kabul ederek, Musa Teymur ve Y\u00fccel \u00d6zcan d\u0131\u015far\u0131 \u00e7\u0131kard\u0131. San\u0131klar\u0131n \u00e7\u0131kar\u0131lmas\u0131na tepki g\u00f6steren Rahmi Uygun, &#8220;Savunma yapmak istemiyorum. Mahkemeye de kat\u0131lmak istemiyorum. Adil olmayan bir mahkemeye kat\u0131lmak istemiyorum. B\u00f6yle bir yarg\u0131lama olamaz kafan\u0131za g\u00f6re. Ben \u00e7\u0131k\u0131yorum kafan\u0131za g\u00f6re karar verin&#8221; diyerek SEGB\u0130S\u2019i terk etti.<\/p>\n<p><strong>&#8220;KADININ \u00d6LD\u00dc\u011e\u00dcNE \u00dcZ\u00dcLD\u00dcM&#8221;<\/strong><\/p>\n<p>Rahmi Uygun\u2019un SEGB\u0130S\u2019i terk etmesinden sonra san\u0131k Y\u00fccel \u00d6zcan savunmas\u0131nda, &#8220;Olay\u0131 yapaca\u011f\u0131ndan haberimiz yoktu. 6. ameliyat\u0131m\u0131 beklerken ziyaretime geldi. Olayla hi\u00e7bir ba\u011f\u0131m yok. Kad\u0131n\u0131n \u00f6ld\u00fc\u011f\u00fcne \u00fcz\u00fcld\u00fcm. \u00d6m\u00fcr Erez\u2019i tan\u0131mam. Ben kendi derdime d\u00fc\u015fm\u00fc\u015f\u00fcm. Alacak paras\u0131 varm\u0131\u015f bunu anlatt\u0131. Musa\u2019dan rica ettik g\u00f6t\u00fcr\u00fcr m\u00fcs\u00fcn diye. Sonra olay\u0131 ger\u00e7ekle\u015ftirmi\u015f. Haberim yoktu. Kendisi has\u0131mlar\u0131 oldu\u011fu i\u00e7in devaml\u0131 silahla gezerdi&#8221; ifadelerini kulland\u0131.<\/p>\n<p><strong>&#8220;PAN\u0130K DE\u011e\u0130LD\u0130, \u00c7OK SAK\u0130ND\u0130&#8221;<\/strong><\/p>\n<p>Tutuklu san\u0131k Musa Teymur savunmas\u0131nda, &#8220;Olaydan bir g\u00fcn \u00f6nce Konya\u2019dan arkada\u015f\u0131m gelecek dedi. Rahmi\u2019yi otogardan al\u0131p hastaneye getirdim. Kartal&#8217;a gidece\u011fimizi s\u00f6yledi. Arabay\u0131 park ettim sonra o gitti. Ben de kafeye gittim. \u00dczerinde silah g\u00f6rmedim. D\u00f6n\u00fc\u015fte arabaya bindi normal bir insan gibi. Panik de\u011fildi, \u00e7ok sakindi. Sonra mont almaya gittik. Polisler bizi yakalay\u0131nca silah\u0131n\u0131n oldu\u011funu \u00f6\u011frendim. Rahmi\u2019yi daha \u00f6ncesinde tan\u0131mam&#8221; dedi.<\/p>\n<p>Ara karar\u0131n\u0131 a\u00e7\u0131klayan mahkeme heyeti, san\u0131klardan Y\u00fccel \u00d6zcan ve Musa Teymur\u2019u adli kontrol \u015fart\u0131yla serbest b\u0131rak\u0131rken, duru\u015fma esasa ili\u015fkin m\u00fctalaa verilmesi i\u00e7in ileri bir tarihe ertelendi.  <\/p>\n<p><strong>\u0130DD\u0130ANAME<\/strong><\/p>\n<p>Anadolu Cumhuriyet Ba\u015fsavc\u0131l\u0131\u011f\u0131 taraf\u0131ndan haz\u0131rlanan iddianamede san\u0131k Rahmi Uygun&#8217;un &#8220;Tasarlayarak kasten \u00f6ld\u00fcrme&#8221; su\u00e7undan a\u011f\u0131rla\u015ft\u0131r\u0131lm\u0131\u015f m\u00fcebbet ve &#8220;Ruhsats\u0131z silah bulundurma&#8221; su\u00e7undan 1 y\u0131ldan 3 y\u0131la kadar hapis cezas\u0131yla cezaland\u0131r\u0131lmas\u0131 istendi.  \u0130ddianamede Rahmi Uygun\u2019a yard\u0131m etti\u011fi iddia edilen di\u011fer \u015f\u00fcpheliler Musa Teymur ve Y\u00fccel \u00d6zcan&#8217;\u0131n ise &#8220;Tasarlayarak \u00f6ld\u00fcrmeye yard\u0131m etme&#8221; su\u00e7undan 15 y\u0131ldan 20 y\u0131la kadar hapis cezas\u0131yla cezaland\u0131r\u0131lmas\u0131 talep edildi.<\/p>\n","protected":false},"excerpt":{"rendered":"<p>Kartal&#8217;da aile sa\u011fl\u0131k merkezinde g\u00f6revli hem\u015fire \u00d6m\u00fcr Erez&#8217;i (33), 4 el ate\u015f ederek \u00f6ld\u00fcren Rahmi Uygun (39) ilk kez hakim kar\u015f\u0131s\u0131na \u00e7\u0131kt\u0131. <\/p>\n","protected":false},"author":8,"featured_media":18172,"comment_status":"open","ping_status":"open","sticky":false,"template":"","format":"standard","meta":{"footnotes":""},"categories":[3],"tags":[1291,988,541,1614],"class_list":["post-18170","post","type-post","status-publish","format-standard","has-post-thumbnail","hentry","category-kartal","tag-cinayet","tag-mahkeme","tag-manset","tag-omur-erez"],"_links":{"self":[{"href":"https:\/\/www.haberkartal.tr\/tr-int\/wp-json\/wp\/v2\/posts\/18170","targetHints":{"allow":["GET"]}}],"collection":[{"href":"https:\/\/www.haberkartal.tr\/tr-int\/wp-json\/wp\/v2\/posts"}],"about":[{"href":"https:\/\/www.haberkartal.tr\/tr-int\/wp-json\/wp\/v2\/types\/post"}],"author":[{"embeddable":true,"href":"https:\/\/www.haberkartal.tr\/tr-int\/wp-json\/wp\/v2\/users\/8"}],"replies":[{"embeddable":true,"href":"https:\/\/www.haberkartal.tr\/tr-int\/wp-json\/wp\/v2\/comments?post=18170"}],"version-history":[{"count":1,"href":"https:\/\/www.haberkartal.tr\/tr-int\/wp-json\/wp\/v2\/posts\/18170\/revisions"}],"predecessor-version":[{"id":18174,"href":"https:\/\/www.haberkartal.tr\/tr-int\/wp-json\/wp\/v2\/posts\/18170\/revisions\/18174"}],"wp:featuredmedia":[{"embeddable":true,"href":"https:\/\/www.haberkartal.tr\/tr-int\/wp-json\/wp\/v2\/media\/18172"}],"wp:attachment":[{"href":"https:\/\/www.haberkartal.tr\/tr-int\/wp-json\/wp\/v2\/media?parent=18170"}],"wp:term":[{"taxonomy":"category","embeddable":true,"href":"https:\/\/www.haberkartal.tr\/tr-int\/wp-json\/wp\/v2\/categories?post=18170"},{"taxonomy":"post_tag","embeddable":true,"href":"https:\/\/www.haberkartal.tr\/tr-int\/wp-json\/wp\/v2\/tags?post=18170"}],"curies":[{"name":"wp","href":"https:\/\/api.w.org\/{rel}","templated":true}]}}