{"id":18175,"date":"2022-11-19T15:04:45","date_gmt":"2022-11-19T12:04:45","guid":{"rendered":"https:\/\/haberkartal.com\/?p=18175"},"modified":"2022-11-19T15:04:45","modified_gmt":"2022-11-19T12:04:45","slug":"pendikte-otomobilin-carptigi-yaya-yasamini-yitirdi","status":"publish","type":"post","link":"https:\/\/www.haberkartal.tr\/tr-int\/pendik\/pendikte-otomobilin-carptigi-yaya-yasamini-yitirdi\/18175\/","title":{"rendered":"Pendik&#8217;te otomobilin \u00e7arpt\u0131\u011f\u0131 yaya ya\u015fam\u0131n\u0131 yitirdi"},"content":{"rendered":"<p>Kaza, 17 Kas\u0131m Per\u015fembe g\u00fcn\u00fc saat 19.00 s\u0131ralar\u0131nda Yeni\u015fehir Mahallesi, Orkide Sokak&#8217;ta meydana geldi. \u0130ddiaya g\u00f6re; Mehmet Ali Karakulluk\u00e7uo\u011flu kald\u0131r\u0131mda ilerlerken yolun kar\u015f\u0131s\u0131na ge\u00e7mek istedi. O s\u0131rada seyir halindeki otomobil, Mehmet Ali Karakulluk\u00e7uo\u011flu&#8217;na \u00e7arpt\u0131. \u00c7arpman\u0131n etkisiyle metrelerce havaya savrulan adam kanlar i\u00e7erisinde yere y\u0131\u011f\u0131ld\u0131. Kazay\u0131 g\u00f6renler durumu polis ve sa\u011fl\u0131k ekiplerine bildirdi. Olay yerine gelen sa\u011fl\u0131k ekipleri yaral\u0131 adam\u0131 ambulansla hastaneye kald\u0131rd\u0131. Karakulluk\u00e7uo\u011flu, hastanede yap\u0131lan t\u00fcm m\u00fcdahalelere ra\u011fmen kurtar\u0131lamayarak hayat\u0131n\u0131 kaybetti. Otomobil s\u00fcr\u00fcc\u00fcs\u00fc ise polis ekipleri taraf\u0131ndan ifadesi al\u0131nmak \u00fczere polis merkezine g\u00f6t\u00fcr\u00fcld\u00fc. Polis kazayla ilgili inceleme ba\u015flatt\u0131. \u00d6te yandan kaza an\u0131 \u00e7evredeki bir sitenin g\u00fcvenlik kameras\u0131na yans\u0131d\u0131.  <\/p>\n<p>G\u00f6rg\u00fc tan\u0131\u011f\u0131 Davut Polat, &#8220;Yolun kar\u015f\u0131s\u0131na ge\u00e7iyordu. Havada ya\u011f\u0131\u015fl\u0131 oldu\u011fu i\u00e7in durduramad\u0131 herhalde arac\u0131. Oras\u0131 rampa ara\u00e7lar kay\u0131yor. Muhtemelen amcay\u0131 fark etmedi. Durumu k\u00f6t\u00fcyd\u00fc. Yerde k\u0131m\u0131ldayam\u0131yordu. Vuran s\u00fcr\u00fcc\u00fcde ka\u00e7mam\u0131\u015f. Gen\u00e7 bir arkada\u015ft\u0131. S\u00fcr\u00fcc\u00fc korkudan ne yapaca\u011f\u0131n\u0131 bilmiyor haldeydi&#8221; dedi. <\/p>\n<p><img loading=\"lazy\" decoding=\"async\" src=\"https:\/\/haberkartal.com\/wp-content\/uploads\/2022\/11\/kaza3-3.jpg\" alt=\"\" width=\"900\" height=\"571\" class=\"alignnone size-full wp-image-18179\" srcset=\"https:\/\/www.haberkartal.tr\/tr-int\/wp-content\/uploads\/2022\/11\/kaza3-3.jpg 900w, https:\/\/www.haberkartal.tr\/tr-int\/wp-content\/uploads\/2022\/11\/kaza3-3-300x190.jpg 300w, https:\/\/www.haberkartal.tr\/tr-int\/wp-content\/uploads\/2022\/11\/kaza3-3-768x487.jpg 768w\" sizes=\"auto, (max-width: 900px) 100vw, 900px\" \/><\/p>\n","protected":false},"excerpt":{"rendered":"<p>Pendik&#8217;te yolun kar\u015f\u0131s\u0131na ge\u00e7meye \u00e7al\u0131\u015fan Mehmet Ali Karakulluk\u00e7uo\u011flu&#8217;na otomobil \u00e7arpt\u0131. \u00c7arpman\u0131n etkisiyle Mehmet Ali Karakulluk\u00e7uo\u011flu hayat\u0131n\u0131 kaybederken, kaza an\u0131 g\u00fcvenlik kameras\u0131na yans\u0131d\u0131. <\/p>\n","protected":false},"author":8,"featured_media":18177,"comment_status":"open","ping_status":"open","sticky":false,"template":"","format":"standard","meta":{"footnotes":""},"categories":[4],"tags":[442,541,198,1869],"class_list":["post-18175","post","type-post","status-publish","format-standard","has-post-thumbnail","hentry","category-pendik","tag-kaza","tag-manset","tag-pendik","tag-yaya"],"_links":{"self":[{"href":"https:\/\/www.haberkartal.tr\/tr-int\/wp-json\/wp\/v2\/posts\/18175","targetHints":{"allow":["GET"]}}],"collection":[{"href":"https:\/\/www.haberkartal.tr\/tr-int\/wp-json\/wp\/v2\/posts"}],"about":[{"href":"https:\/\/www.haberkartal.tr\/tr-int\/wp-json\/wp\/v2\/types\/post"}],"author":[{"embeddable":true,"href":"https:\/\/www.haberkartal.tr\/tr-int\/wp-json\/wp\/v2\/users\/8"}],"replies":[{"embeddable":true,"href":"https:\/\/www.haberkartal.tr\/tr-int\/wp-json\/wp\/v2\/comments?post=18175"}],"version-history":[{"count":1,"href":"https:\/\/www.haberkartal.tr\/tr-int\/wp-json\/wp\/v2\/posts\/18175\/revisions"}],"predecessor-version":[{"id":18180,"href":"https:\/\/www.haberkartal.tr\/tr-int\/wp-json\/wp\/v2\/posts\/18175\/revisions\/18180"}],"wp:featuredmedia":[{"embeddable":true,"href":"https:\/\/www.haberkartal.tr\/tr-int\/wp-json\/wp\/v2\/media\/18177"}],"wp:attachment":[{"href":"https:\/\/www.haberkartal.tr\/tr-int\/wp-json\/wp\/v2\/media?parent=18175"}],"wp:term":[{"taxonomy":"category","embeddable":true,"href":"https:\/\/www.haberkartal.tr\/tr-int\/wp-json\/wp\/v2\/categories?post=18175"},{"taxonomy":"post_tag","embeddable":true,"href":"https:\/\/www.haberkartal.tr\/tr-int\/wp-json\/wp\/v2\/tags?post=18175"}],"curies":[{"name":"wp","href":"https:\/\/api.w.org\/{rel}","templated":true}]}}