{"id":18444,"date":"2022-11-26T12:25:07","date_gmt":"2022-11-26T09:25:07","guid":{"rendered":"https:\/\/haberkartal.com\/?p=18444"},"modified":"2022-11-26T12:25:07","modified_gmt":"2022-11-26T09:25:07","slug":"maltepede-korkutan-kaza-2","status":"publish","type":"post","link":"https:\/\/www.haberkartal.tr\/tr-int\/maltepe\/maltepede-korkutan-kaza-2\/18444\/","title":{"rendered":"Maltepe&#8217;de Korkutan Kaza"},"content":{"rendered":"<p>Kaza, d\u00fcn saat 16.30 s\u0131ralar\u0131nda Ba\u015f\u0131b\u00fcy\u00fck Mahallesi Ba\u015f\u0131b\u00fcy\u00fck Yolu&#8217;nda meydana geldi. Mustafa \u0130\u011fde y\u00f6netimindeki 34 DM 696 plakal\u0131 hafif ticari ara\u00e7 bilinmeyen nedenle s\u00fcr\u00fcc\u00fcs\u00fcn\u00fcn kontrol\u00fcnden \u00e7\u0131kt\u0131. Taklalar atan ara\u00e7, yol kenar\u0131nda motosiklette oturarak bekleyen Zeynel Korkmaz&#8217;\u0131n \u00fczerine do\u011fru gelmeye ba\u015flad\u0131. Korkmaz, bir anl\u0131k refleksle motordan inerek, son anda kurtulurken, hafif ticari ara\u00e7 motosiklete ve \u015eenel \u00dcnl\u00fcta\u015f y\u00f6netimindeki 34 PG 0285 plakal\u0131 servis minib\u00fcs\u00fcne \u00e7arpt\u0131. Duvara \u00e7arparak durabilen hafif ticari ara\u00e7ta bulunan 2&#8217;si \u00e7ocuk 3 ki\u015fi yaraland\u0131. <\/p>\n<p><img loading=\"lazy\" decoding=\"async\" src=\"https:\/\/haberkartal.com\/wp-content\/uploads\/2022\/11\/kaza3-4.jpg\" alt=\"\" width=\"900\" height=\"511\" class=\"alignnone size-full wp-image-18448\" srcset=\"https:\/\/www.haberkartal.tr\/tr-int\/wp-content\/uploads\/2022\/11\/kaza3-4.jpg 900w, https:\/\/www.haberkartal.tr\/tr-int\/wp-content\/uploads\/2022\/11\/kaza3-4-300x170.jpg 300w, https:\/\/www.haberkartal.tr\/tr-int\/wp-content\/uploads\/2022\/11\/kaza3-4-768x436.jpg 768w\" sizes=\"auto, (max-width: 900px) 100vw, 900px\" \/><\/p>\n<p><strong>&#8220;MUC\u0130ZE B\u0130R KURTULU\u015e OLDU BEN\u0130M&#8221;<\/strong><\/p>\n<p>\u0130hbar \u00fczerine olay yerine sa\u011fl\u0131k ve polis ekipleri sevk edildi. Yaral\u0131lar ambulansla hastaneye kald\u0131r\u0131ld\u0131. Kazadan mucize eseri kurtulan Zeynel Korkmaz, &#8220;Motor \u00fczerinde bekliyorum burada. Bir anda arkadan bir g\u00fcr\u00fclt\u00fc koptu. G\u00fcr\u00fclt\u00fcye bir an ba\u015f\u0131m\u0131 \u00e7evirince ani bir refleksle kendimi motordan att\u0131m. \u00dczerimden araba takla atarak ge\u00e7ti zaten g\u00f6r\u00fcyorsunuz. Ger\u00e7ekten korktum. Panik halindeyim. Ben onlara bir \u015fey olacak diye \u00e7ok korktum. Ben kendimi kurtard\u0131m ama arkada\u015flar yaral\u0131. Bir anda ani refleksle arkam\u0131 d\u00f6nd\u00fcm. Araban\u0131n havada d\u00f6nd\u00fc\u011f\u00fcn\u00fc g\u00f6rd\u00fcm. Kafam\u0131n \u00fczerinden takla atarak ge\u00e7ti. Ben ani bir refleks atmasayd\u0131m bitmi\u015ftik. Mucize bir kurtulu\u015f oldu benim i\u00e7in. Tekrar do\u011fmu\u015f gibi oldum. \u0130kinci bir \u015fans&#8221; dedi. <\/p>\n<p>Kazay\u0131 g\u00f6ren \u00d6zg\u00fcr Keskin, &#8220;Ben kar\u015f\u0131dan ge\u00e7iyordum. Hafif ticari ara\u00e7 \u015furadan gelirken bir anda ortadaki kald\u0131r\u0131ma \u00e7arpt\u0131. \u015eurada da motosikletli arkada\u015f duruyordu. Son anda fark edip kendisini o tarafa att\u0131. Allah korudu yani. 3 tane \u00e7ocuk vard\u0131 arabada. Yaralanm\u0131\u015flar. Bir tanesini camdan \u00e7\u0131kard\u0131m. Di\u011fer arkada\u015flar da geldi. 2&#8217;sini \u00e7\u0131kard\u0131lar&#8221; diye konu\u015ftu.<\/p>\n","protected":false},"excerpt":{"rendered":"<p>Maltepe&#8217;de s\u00fcr\u00fcc\u00fcs\u00fcn\u00fcn kontrol\u00fcnden \u00e7\u0131kan hafif ticari ara\u00e7, takla atarak yol kenar\u0131ndaki motosiklete ve servis minib\u00fcs\u00fcne \u00e7arpt\u0131. Kazadan saniyeler \u00f6nce motosikletin \u00fczerine oturan motokurye bir anl\u0131k refleksle motordan inerek kurtuldu. Kazada 2&#8217;si \u00e7ocuk 3 ki\u015fi yaraland\u0131.<\/p>\n","protected":false},"author":8,"featured_media":18446,"comment_status":"open","ping_status":"open","sticky":false,"template":"","format":"standard","meta":{"footnotes":""},"categories":[5],"tags":[442,217,541],"class_list":["post-18444","post","type-post","status-publish","format-standard","has-post-thumbnail","hentry","category-maltepe","tag-kaza","tag-maltepe","tag-manset"],"_links":{"self":[{"href":"https:\/\/www.haberkartal.tr\/tr-int\/wp-json\/wp\/v2\/posts\/18444","targetHints":{"allow":["GET"]}}],"collection":[{"href":"https:\/\/www.haberkartal.tr\/tr-int\/wp-json\/wp\/v2\/posts"}],"about":[{"href":"https:\/\/www.haberkartal.tr\/tr-int\/wp-json\/wp\/v2\/types\/post"}],"author":[{"embeddable":true,"href":"https:\/\/www.haberkartal.tr\/tr-int\/wp-json\/wp\/v2\/users\/8"}],"replies":[{"embeddable":true,"href":"https:\/\/www.haberkartal.tr\/tr-int\/wp-json\/wp\/v2\/comments?post=18444"}],"version-history":[{"count":1,"href":"https:\/\/www.haberkartal.tr\/tr-int\/wp-json\/wp\/v2\/posts\/18444\/revisions"}],"predecessor-version":[{"id":18449,"href":"https:\/\/www.haberkartal.tr\/tr-int\/wp-json\/wp\/v2\/posts\/18444\/revisions\/18449"}],"wp:featuredmedia":[{"embeddable":true,"href":"https:\/\/www.haberkartal.tr\/tr-int\/wp-json\/wp\/v2\/media\/18446"}],"wp:attachment":[{"href":"https:\/\/www.haberkartal.tr\/tr-int\/wp-json\/wp\/v2\/media?parent=18444"}],"wp:term":[{"taxonomy":"category","embeddable":true,"href":"https:\/\/www.haberkartal.tr\/tr-int\/wp-json\/wp\/v2\/categories?post=18444"},{"taxonomy":"post_tag","embeddable":true,"href":"https:\/\/www.haberkartal.tr\/tr-int\/wp-json\/wp\/v2\/tags?post=18444"}],"curies":[{"name":"wp","href":"https:\/\/api.w.org\/{rel}","templated":true}]}}