{"id":18751,"date":"2022-12-06T18:13:44","date_gmt":"2022-12-06T15:13:44","guid":{"rendered":"https:\/\/haberkartal.com\/?p=18751"},"modified":"2022-12-06T18:13:44","modified_gmt":"2022-12-06T15:13:44","slug":"sadi-yazicidan-tuzlanin-iyilik-meleklerine-tesekkur","status":"publish","type":"post","link":"https:\/\/www.haberkartal.tr\/tr-int\/tuzla\/sadi-yazicidan-tuzlanin-iyilik-meleklerine-tesekkur\/18751\/","title":{"rendered":"\u015eadi Yaz\u0131c\u0131\u2019dan, Tuzla\u2019n\u0131n \u0130yilik Meleklerine Te\u015fekk\u00fcr"},"content":{"rendered":"<p>Tuzla Belediyesi G\u00f6n\u00fcl Elleri \u00c7ar\u015f\u0131s\u0131, 14 komisyonda 4 bin 500 kad\u0131n kent g\u00f6n\u00fcll\u00fcs\u00fc ile T\u00fcrkiye\u2019nin d\u00f6rt bir yan\u0131na iyilik da\u011f\u0131tmaya devam ediyor. 13 y\u0131ld\u0131r \u00e7al\u0131\u015fmalar\u0131n\u0131 aral\u0131ks\u0131z s\u00fcrd\u00fcren G\u00f6n\u00fcl Elleri \u00c7ar\u015f\u0131s\u0131\u2019n\u0131n sokak sokak, kap\u0131 kap\u0131 dola\u015fan kad\u0131n kent g\u00f6n\u00fcll\u00fcleri, Tuzla Belediye Ba\u015fkan\u0131 Dr. \u015eadi Yaz\u0131c\u0131 ve e\u015fi G\u00f6n\u00fcl Elleri \u00c7ar\u015f\u0131s\u0131 Kurucu G\u00f6n\u00fcll\u00fclerinden Dr. Fatma Yaz\u0131c\u0131 ile birlikte kahvalt\u0131 program\u0131nda bir araya geldi.  5 Aral\u0131k D\u00fcnya G\u00f6n\u00fcll\u00fcler G\u00fcn\u00fc kapsam\u0131nda Tuzla Belediyesi Ayy\u0131ld\u0131z Sosyal Tesisleri\u2019nde ger\u00e7ekle\u015ftirilen kahvalt\u0131 sonras\u0131nda Ba\u015fkan Yaz\u0131c\u0131, g\u00f6n\u00fcll\u00fclere hediye takdim etti. <\/p>\n<p><strong>\u201cKARTOPU G\u0130B\u0130 B\u00dcY\u00dcYEN G\u00d6N\u00dcLL\u00dc HANIMEFEND\u0130LER \u0130LE BU NOKTAYA GELD\u0130\u201d<\/strong><\/p>\n<p>Tuzla Belediye Ba\u015fkan\u0131 Dr. \u015eadi Yaz\u0131c\u0131,\u201d D\u00fcnya\u2019da ABD ve Avrupa Birli\u011fi \u00fclkelerinin, D\u00fcnya A\u00e7l\u0131k Endeksi\u2019nde y\u00fczde 2,5 ile ayn\u0131 oranda bulunuyoruz. Dolay\u0131s\u0131yla her yerde belli bir oranda ihtiya\u00e7 sahibi insanlar vard\u0131r. Yard\u0131m organizasyonlar\u0131 \u00e7ok fazlaca yap\u0131lmaktad\u0131r. Dolay\u0131s\u0131yla y\u00fczde 2,5 dilimde bile olsan\u0131z, sonu\u00e7ta ihtiya\u00e7 sahibi insanlar her zaman olabilir. Bu y\u00f6nde de m\u00fchim olan onu kapatabilecek sosyal, k\u00fclt\u00fcrel kapasiteye sahip bir toplum, geli\u015fmi\u015flik endeksi y\u00fcksek toplumlarda bu yard\u0131m organizasyonlar kendili\u011finden gelen yap\u0131lar. Dolay\u0131s\u0131yla bunu Tuzla\u2019da ba\u015fard\u0131k. Bu ba\u015far\u0131n\u0131n arkas\u0131nda sadece belediyenin b\u00f6yle bir yap\u0131y\u0131 kurmas\u0131 de\u011fil, o g\u00fcnlerden itibaren bu \u00e7a\u011fr\u0131ya, bu yap\u0131lmas\u0131 gereken i\u015fe kat\u0131lan, o g\u00fcnden bug\u00fcne kadar kartopu gibi b\u00fcy\u00fcyen g\u00f6n\u00fcll\u00fc han\u0131mefendiler ile bu noktaya geldi\u201d dedi.  <\/p>\n<p><img loading=\"lazy\" decoding=\"async\" src=\"https:\/\/haberkartal.com\/wp-content\/uploads\/2022\/12\/sadi3.jpg\" alt=\"\" width=\"900\" height=\"600\" class=\"alignnone size-full wp-image-18755\" srcset=\"https:\/\/www.haberkartal.tr\/tr-int\/wp-content\/uploads\/2022\/12\/sadi3.jpg 900w, https:\/\/www.haberkartal.tr\/tr-int\/wp-content\/uploads\/2022\/12\/sadi3-300x200.jpg 300w, https:\/\/www.haberkartal.tr\/tr-int\/wp-content\/uploads\/2022\/12\/sadi3-768x512.jpg 768w, https:\/\/www.haberkartal.tr\/tr-int\/wp-content\/uploads\/2022\/12\/sadi3-282x188.jpg 282w\" sizes=\"auto, (max-width: 900px) 100vw, 900px\" \/><\/p>\n<p><strong>\u201cBA\u015eKALARI \u0130\u00c7\u0130N \u0130Y\u0130L\u0130K YAPMAK,  M\u00dcCADELE ETMEK \u00c7OK KIYMETL\u0130D\u0130R\u201d<\/strong><\/p>\n<p>Tuzla Belediye Ba\u015fkan\u0131 Dr. \u015eadi Yaz\u0131c\u0131,\u201d Kurulu\u015f mottomuz \u015fuydu. Medeniyetimiz, \u2018Veren el alan elden \u00fcst\u00fcnd\u00fcr\u2019 derdi. \u2018Kom\u015fusu a\u00e7ken, tok yatan bizden de\u011fildir\u2019 der. Her zaman s\u00f6yl\u00fcyorum, \u2018Sadece kendi mutlulu\u011fu i\u00e7in ya\u015fayan insan, k\u00f6t\u00fcd\u00fcr\u2019 diyor Tolstoy. Bu s\u00f6z de \u00e7ok anlaml\u0131d\u0131r. Ba\u015fkalar\u0131 i\u00e7in iyilik yapmak,  m\u00fccadele etmek \u00e7ok k\u0131ymetlidir. Bir insan\u0131 insan yapan en \u00f6nemli de\u011ferlerden birisi oldu\u011funa inan\u0131yorum. \u00c7\u00fcnk\u00fc sadece kendi mutlulu\u011fu i\u00e7in \u00e7al\u0131\u015fan ve sadece kendi gayret ve \u00e7abas\u0131 i\u00e7in m\u00fccadele eden bir\u00e7ok canl\u0131 var. Ba\u015fkalar\u0131n\u0131n mutlulu\u011fu i\u00e7in m\u00fccadele eden sadece insand\u0131r. Bu a\u00e7\u0131dan \u00e7ok k\u0131ymetlidir. Kendi bireysel kazan\u0131mlar\u0131 ile toplumsal kazan\u0131m e\u015fittir, toplumsal iyilik halinin olu\u015fmas\u0131na katk\u0131 sa\u011flamakt\u0131r. D\u00fcnya Sa\u011fl\u0131k \u00d6rg\u00fct\u00fc sa\u011fl\u0131\u011f\u0131 b\u00f6yle tarif ediyor. Bedenen, ruhen ve sosyal olarak iyilik halidir sa\u011fl\u0131k. Yapt\u0131\u011f\u0131m\u0131z b\u00fct\u00fcn sosyal \u00e7al\u0131\u015fmalarda,  asl\u0131nda sosyal olarak iyilik haliyle toplum sa\u011fl\u0131\u011f\u0131na da b\u00fcy\u00fck katk\u0131da bulunuyoruz\u201d dedi. <\/p>\n<p><img loading=\"lazy\" decoding=\"async\" src=\"https:\/\/haberkartal.com\/wp-content\/uploads\/2022\/12\/sadi4.jpg\" alt=\"\" width=\"900\" height=\"600\" class=\"alignnone size-full wp-image-18756\" srcset=\"https:\/\/www.haberkartal.tr\/tr-int\/wp-content\/uploads\/2022\/12\/sadi4.jpg 900w, https:\/\/www.haberkartal.tr\/tr-int\/wp-content\/uploads\/2022\/12\/sadi4-300x200.jpg 300w, https:\/\/www.haberkartal.tr\/tr-int\/wp-content\/uploads\/2022\/12\/sadi4-768x512.jpg 768w, https:\/\/www.haberkartal.tr\/tr-int\/wp-content\/uploads\/2022\/12\/sadi4-282x188.jpg 282w\" sizes=\"auto, (max-width: 900px) 100vw, 900px\" \/><\/p>\n<p><strong>\u201cBU YOLDA B\u0130ZE DESTEK VEREN G\u00d6N\u00dcLL\u00dc HANIMEFEND\u0130LER\u0130M\u0130ZE \u00c7OK TE\u015eEKK\u00dcR ED\u0130YORUM\u201d<\/strong><\/p>\n<p>G\u00f6n\u00fcl Elleri \u00c7ar\u015f\u0131s\u0131 Kurucu G\u00f6n\u00fcll\u00fclerinden Dr. Fatma Yaz\u0131c\u0131,\u201d Bu yolda bize destek veren g\u00f6n\u00fcll\u00fc han\u0131mefendilerimize \u00e7ok te\u015fekk\u00fcr ediyorum. Bu yol yaln\u0131z y\u00fcr\u00fcnebilecek bir yol de\u011fildi. Bu yol birlikte kat edilecek bir yoldu. Tuzla b\u00fcy\u00fck bir il\u00e7e. Her ne kadar n\u00fcfusu 300 bin olsa da mazisi \u00e7ok b\u00fcy\u00fck. Her siteye, her mahalleye, bir\u00e7ok alanda ya\u015fayan insanlar\u0131m\u0131z var. Bizim temel hedefimiz, bize ula\u015famayan, bizden haberdar olmayan ama zor durumda olan kad\u0131nlar\u0131m\u0131za ve \u00e7ocuklara ula\u015fmak. Temel hedefimiz budur. Hala bunun i\u00e7in sokak g\u00f6n\u00fcll\u00fc\u011f\u00fc organizasyonumuzu canl\u0131 tutmaya \u00e7al\u0131\u015f\u0131yoruz. Sizlerin d\u0131\u015f\u0131nda buraya gelemeyen, evlerinden bizlere haber getiren, muhbirlik yapan, g\u00f6n\u00fcll\u00fclerimiz var. Onlar bizim g\u00f6r\u00fcnmeyen kahramanlar\u0131m\u0131z. Onlarla birlikte her soka\u011fa hakim olmaya \u00e7al\u0131\u015f\u0131yoruz\u201d dedi.  <\/p>\n","protected":false},"excerpt":{"rendered":"<p>T\u00fcrkiye\u2019nin d\u00f6rt bir yan\u0131na iyilik da\u011f\u0131tan Tuzla Belediyesi G\u00f6n\u00fcl Elleri \u00c7ar\u015f\u0131s\u0131\u2019n\u0131n sokak sokak, kap\u0131 kap\u0131 gezen 5 bin kad\u0131n kent g\u00f6n\u00fcll\u00fcs\u00fcn\u00fcn temsilcileri Tuzla Belediye Ba\u015fkan\u0131 Dr. \u015eadi Yaz\u0131c\u0131 ve e\u015fi G\u00f6n\u00fcl Elleri \u00c7ar\u015f\u0131s\u0131 Kurucu G\u00f6n\u00fcll\u00fclerinden Dr. Fatma Yaz\u0131c\u0131 ile bir araya geldi. Ba\u015fkan Yaz\u0131c\u0131, \u201cBa\u015fkalar\u0131 i\u00e7in iyilik yapmak, m\u00fccadele etmek \u00e7ok k\u0131ymetlidir. Bir insan\u0131 insan yapan en \u00f6nemli de\u011ferlerden birisi ba\u015fkalar\u0131 i\u00e7in m\u00fccadele oldu\u011funa inan\u0131yorum.\u201d dedi.<\/p>\n","protected":false},"author":2,"featured_media":18753,"comment_status":"open","ping_status":"open","sticky":false,"template":"","format":"standard","meta":{"footnotes":""},"categories":[6],"tags":[2298,541,98,128],"class_list":["post-18751","post","type-post","status-publish","format-standard","has-post-thumbnail","hentry","category-tuzla","tag-iyilik-melekleri","tag-manset","tag-sadi-yazici","tag-tuzla"],"_links":{"self":[{"href":"https:\/\/www.haberkartal.tr\/tr-int\/wp-json\/wp\/v2\/posts\/18751","targetHints":{"allow":["GET"]}}],"collection":[{"href":"https:\/\/www.haberkartal.tr\/tr-int\/wp-json\/wp\/v2\/posts"}],"about":[{"href":"https:\/\/www.haberkartal.tr\/tr-int\/wp-json\/wp\/v2\/types\/post"}],"author":[{"embeddable":true,"href":"https:\/\/www.haberkartal.tr\/tr-int\/wp-json\/wp\/v2\/users\/2"}],"replies":[{"embeddable":true,"href":"https:\/\/www.haberkartal.tr\/tr-int\/wp-json\/wp\/v2\/comments?post=18751"}],"version-history":[{"count":1,"href":"https:\/\/www.haberkartal.tr\/tr-int\/wp-json\/wp\/v2\/posts\/18751\/revisions"}],"predecessor-version":[{"id":18757,"href":"https:\/\/www.haberkartal.tr\/tr-int\/wp-json\/wp\/v2\/posts\/18751\/revisions\/18757"}],"wp:featuredmedia":[{"embeddable":true,"href":"https:\/\/www.haberkartal.tr\/tr-int\/wp-json\/wp\/v2\/media\/18753"}],"wp:attachment":[{"href":"https:\/\/www.haberkartal.tr\/tr-int\/wp-json\/wp\/v2\/media?parent=18751"}],"wp:term":[{"taxonomy":"category","embeddable":true,"href":"https:\/\/www.haberkartal.tr\/tr-int\/wp-json\/wp\/v2\/categories?post=18751"},{"taxonomy":"post_tag","embeddable":true,"href":"https:\/\/www.haberkartal.tr\/tr-int\/wp-json\/wp\/v2\/tags?post=18751"}],"curies":[{"name":"wp","href":"https:\/\/api.w.org\/{rel}","templated":true}]}}