{"id":19018,"date":"2022-12-16T12:45:13","date_gmt":"2022-12-16T09:45:13","guid":{"rendered":"https:\/\/haberkartal.com\/?p=19018"},"modified":"2022-12-16T12:45:13","modified_gmt":"2022-12-16T09:45:13","slug":"sitenin-kapali-otoparkindan-otomobili-caldi","status":"publish","type":"post","link":"https:\/\/www.haberkartal.tr\/tr-int\/maltepe\/sitenin-kapali-otoparkindan-otomobili-caldi\/19018\/","title":{"rendered":"Sitenin kapal\u0131 otopark\u0131ndan otomobili \u00e7ald\u0131!"},"content":{"rendered":"<p>Maltepe Z\u00fcmr\u00fctevler Mahallesi&#8217;nde d\u00fcn ak\u015fam saatlerinde sitenin kapal\u0131 otopark\u0131na giren bir \u015f\u00fcpheli, co\u011frafya \u00f6\u011fretmeni Duygu \u015eahin Sert\u2019in otomobilini \u00e7ald\u0131. Sert, arac\u0131n\u0131n yerinde olmad\u0131\u011f\u0131n\u0131 g\u00f6r\u00fcnce, \u00e7al\u0131nd\u0131\u011f\u0131ndan \u015f\u00fcphelenerek sitenin g\u00fcvenlik kamera g\u00f6r\u00fcnt\u00fclerini inceledi. Arac\u0131n\u0131n \u00e7al\u0131nd\u0131\u011f\u0131n\u0131 g\u00f6ren Sert, durumu polis ekiplerine bildirdi. Maltepe Asayi\u015f B\u00fcro Amirli\u011fi ve Olay yeri inceleme ekipleri inceleme yapt\u0131. Polis otomobili \u00e7alan \u015f\u00fcpheliyi yakalamak i\u00e7in \u00e7al\u0131\u015fma ba\u015flatt\u0131.  <\/p>\n<p><img loading=\"lazy\" decoding=\"async\" src=\"https:\/\/haberkartal.com\/wp-content\/uploads\/2022\/12\/hursuz4.jpg\" alt=\"\" width=\"900\" height=\"506\" class=\"alignnone size-full wp-image-19023\" srcset=\"https:\/\/www.haberkartal.tr\/tr-int\/wp-content\/uploads\/2022\/12\/hursuz4.jpg 900w, https:\/\/www.haberkartal.tr\/tr-int\/wp-content\/uploads\/2022\/12\/hursuz4-300x169.jpg 300w, https:\/\/www.haberkartal.tr\/tr-int\/wp-content\/uploads\/2022\/12\/hursuz4-768x432.jpg 768w\" sizes=\"auto, (max-width: 900px) 100vw, 900px\" \/><\/p>\n<p><strong>B\u00d6YLE G\u00dcVENL\u0130KL\u0130 B\u0130R S\u0130TEDE ARA\u00c7IM \u00c7ALINDI <\/strong><\/p>\n<p>Arac\u0131 \u00e7al\u0131nan Duygu \u015eahin Sert, &#8220;Ak\u015fam 21.30&#8217;da evime geldim. Arac\u0131m\u0131 otoparka pakettim. Yakla\u015f\u0131k 1 saat sonra \u00e7\u0131kmam gerekti. A\u015fa\u011f\u0131ya otoparka indi\u011fimde arac\u0131m\u0131 yerinde g\u00f6remedim. Hemen g\u00fcvenlik ile g\u00f6r\u00fc\u015ft\u00fcm. G\u00fcvenli\u011fe arac\u0131m\u0131n \u00e7al\u0131nd\u0131\u011f\u0131n\u0131, g\u00fcvenlik kameralar\u0131na bakmas\u0131n\u0131 s\u00f6yledim. Ayn\u0131 zamanda polise haber verdim. Polis geldi, incelemeler yapt\u0131. Gerekli yerlere su\u00e7 duyurusunda bulunduk. G\u00fcvenlik kamera g\u00f6r\u00fcnt\u00fclerinde bir ki\u015finin elini, kolunu sallayarak ve kendini kamufle ederek rahat\u00e7a hareket ederek sitenin i\u00e7erisine girdi\u011fini g\u00f6rd\u00fck. Yine ayn\u0131 \u015fekilde ara\u00e7 ile \u00e7\u0131kt\u0131\u011f\u0131n\u0131 g\u00f6rd\u00fck. 13 katl\u0131 g\u00fcvenlikli bir binada oturuyoruz. 3 tane bina var burada. Bu kadar g\u00fcvenlik g\u00f6revlisi olan bir sitede b\u00f6yle bir a\u00e7\u0131\u011f\u0131n olmas\u0131 a\u00e7\u0131k\u00e7as\u0131 bizi \u00e7ok \u00fczd\u00fc. En k\u0131sa s\u00fcrede arac\u0131m\u0131n bulunmas\u0131n\u0131 istiyorum&#8221; dedi. <\/p>\n<p><img loading=\"lazy\" decoding=\"async\" src=\"https:\/\/haberkartal.com\/wp-content\/uploads\/2022\/12\/hirsiz3.jpg\" alt=\"\" width=\"900\" height=\"506\" class=\"alignnone size-full wp-image-19022\" srcset=\"https:\/\/www.haberkartal.tr\/tr-int\/wp-content\/uploads\/2022\/12\/hirsiz3.jpg 900w, https:\/\/www.haberkartal.tr\/tr-int\/wp-content\/uploads\/2022\/12\/hirsiz3-300x169.jpg 300w, https:\/\/www.haberkartal.tr\/tr-int\/wp-content\/uploads\/2022\/12\/hirsiz3-768x432.jpg 768w\" sizes=\"auto, (max-width: 900px) 100vw, 900px\" \/><\/p>\n","protected":false},"excerpt":{"rendered":"<p>Maltepe&#8217;de co\u011frafya \u00f6\u011fretmeni Duygu \u015eahin Sert&#8217;in otomobili, kald\u0131\u011f\u0131 sitenin kapal\u0131 otopark\u0131ndan \u00e7al\u0131nd\u0131. H\u0131rs\u0131zl\u0131k anlar\u0131 g\u00fcvenlik kamers\u0131na yans\u0131rken, Sert, &#8220;Bu kadar g\u00fcvenlik g\u00f6revlisi olan bir sitede b\u00f6yle bir a\u00e7\u0131\u011f\u0131n olmas\u0131 a\u00e7\u0131k\u00e7as\u0131 bizi \u00e7ok \u00fczd\u00fc. En k\u0131sa s\u00fcrede arac\u0131m\u0131n bulunmas\u0131n\u0131 istiyorum&#8221; dedi. <\/p>\n","protected":false},"author":8,"featured_media":19020,"comment_status":"open","ping_status":"open","sticky":false,"template":"","format":"standard","meta":{"footnotes":""},"categories":[5],"tags":[1067,541,414,1049],"class_list":["post-19018","post","type-post","status-publish","format-standard","has-post-thumbnail","hentry","category-maltepe","tag-hirsiz","tag-manset","tag-ogretmen","tag-site"],"_links":{"self":[{"href":"https:\/\/www.haberkartal.tr\/tr-int\/wp-json\/wp\/v2\/posts\/19018","targetHints":{"allow":["GET"]}}],"collection":[{"href":"https:\/\/www.haberkartal.tr\/tr-int\/wp-json\/wp\/v2\/posts"}],"about":[{"href":"https:\/\/www.haberkartal.tr\/tr-int\/wp-json\/wp\/v2\/types\/post"}],"author":[{"embeddable":true,"href":"https:\/\/www.haberkartal.tr\/tr-int\/wp-json\/wp\/v2\/users\/8"}],"replies":[{"embeddable":true,"href":"https:\/\/www.haberkartal.tr\/tr-int\/wp-json\/wp\/v2\/comments?post=19018"}],"version-history":[{"count":1,"href":"https:\/\/www.haberkartal.tr\/tr-int\/wp-json\/wp\/v2\/posts\/19018\/revisions"}],"predecessor-version":[{"id":19024,"href":"https:\/\/www.haberkartal.tr\/tr-int\/wp-json\/wp\/v2\/posts\/19018\/revisions\/19024"}],"wp:featuredmedia":[{"embeddable":true,"href":"https:\/\/www.haberkartal.tr\/tr-int\/wp-json\/wp\/v2\/media\/19020"}],"wp:attachment":[{"href":"https:\/\/www.haberkartal.tr\/tr-int\/wp-json\/wp\/v2\/media?parent=19018"}],"wp:term":[{"taxonomy":"category","embeddable":true,"href":"https:\/\/www.haberkartal.tr\/tr-int\/wp-json\/wp\/v2\/categories?post=19018"},{"taxonomy":"post_tag","embeddable":true,"href":"https:\/\/www.haberkartal.tr\/tr-int\/wp-json\/wp\/v2\/tags?post=19018"}],"curies":[{"name":"wp","href":"https:\/\/api.w.org\/{rel}","templated":true}]}}