{"id":19129,"date":"2022-12-22T22:06:22","date_gmt":"2022-12-22T19:06:22","guid":{"rendered":"https:\/\/haberkartal.com\/?p=19129"},"modified":"2022-12-22T22:06:22","modified_gmt":"2022-12-22T19:06:22","slug":"asansorde-taciz-suphelisi-motosikletli-yakalandi","status":"publish","type":"post","link":"https:\/\/www.haberkartal.tr\/tr-int\/istanbul\/asansorde-taciz-suphelisi-motosikletli-yakalandi\/19129\/","title":{"rendered":"Asans\u00f6rde taciz \u015f\u00fcphelisi motosikletli yakaland\u0131"},"content":{"rendered":"<p>Kad\u0131k\u00f6y&#8217;de 19 Kas\u0131m&#8217;da D.K., A.A., N.\u00c7. ile A.B., kendilerini takip eden bir motosikletli taraf\u0131ndan asans\u00f6rde taciz edildiklerini polise \u015fikayet etti. Farkl\u0131 saatlerde ya\u015fanan taciz olay\u0131n\u0131n ard\u0131ndan polis \u015f\u00fcphelinin yakalanmas\u0131 i\u00e7in \u00e7al\u0131\u015fma ba\u015flatt\u0131. \u00c7al\u0131\u015fmalar devam ederken 10 Aral\u0131k&#8217;ta da T.S. isimli kad\u0131n da polise ayn\u0131 \u015fikayetle gitti. T.S.&#8217;nin taciz edildi\u011fi yerde g\u00fcvenlik kameras\u0131 incelendi. Yap\u0131lan incelemelerde \u015f\u00fcphelinin O\u011fuzhan \u00d6. oldu\u011fu belirlendi. G\u00f6zalt\u0131na al\u0131nan O\u011fuzhan \u00d6., taciz etti\u011fi iddia edilen kad\u0131nlar taraf\u0131ndan te\u015fhis edildi. <\/p>\n<p>Asans\u00f6rdeki taciz anlar\u0131 g\u00fcvenlik kameralar\u0131na yans\u0131d\u0131. G\u00f6r\u00fcnt\u00fclerde, \u015f\u00fcphelinin asans\u00f6re girene kadar takip etti\u011fi kad\u0131n\u0131 taciz etti\u011fi, kap\u0131 kapanaca\u011f\u0131 s\u0131rada sar\u0131ld\u0131\u011f\u0131 kad\u0131n\u0131 yere d\u00fc\u015f\u00fcrd\u00fc\u011f\u00fc yer al\u0131yor.<\/p>\n<p><img loading=\"lazy\" decoding=\"async\" src=\"https:\/\/haberkartal.com\/wp-content\/uploads\/2022\/12\/taciz3.jpg\" alt=\"\" width=\"900\" height=\"797\" class=\"alignnone size-full wp-image-19133\" srcset=\"https:\/\/www.haberkartal.tr\/tr-int\/wp-content\/uploads\/2022\/12\/taciz3.jpg 900w, https:\/\/www.haberkartal.tr\/tr-int\/wp-content\/uploads\/2022\/12\/taciz3-300x266.jpg 300w, https:\/\/www.haberkartal.tr\/tr-int\/wp-content\/uploads\/2022\/12\/taciz3-768x680.jpg 768w\" sizes=\"auto, (max-width: 900px) 100vw, 900px\" \/> <\/p>\n","protected":false},"excerpt":{"rendered":"<p>Kad\u0131k\u00f6y&#8217;de motosikletli O\u011fuzhan \u00d6.&#8217;nin farkl\u0131 tarihlerde takip etti\u011fi 5 kad\u0131n\u0131 asans\u00f6rde taciz etti\u011fi iddia edildi. Kad\u0131nlardan birinin taciz edildi\u011fi anlar g\u00fcvenlik kameras\u0131na yans\u0131rken \u015f\u00fcpheli polis ekiplerince g\u00f6zalt\u0131na al\u0131nd\u0131.<\/p>\n","protected":false},"author":8,"featured_media":19131,"comment_status":"open","ping_status":"open","sticky":false,"template":"","format":"standard","meta":{"footnotes":""},"categories":[42],"tags":[2155,105,541,1262],"class_list":["post-19129","post","type-post","status-publish","format-standard","has-post-thumbnail","hentry","category-istanbul","tag-asansor","tag-kadikoy","tag-manset","tag-taciz"],"_links":{"self":[{"href":"https:\/\/www.haberkartal.tr\/tr-int\/wp-json\/wp\/v2\/posts\/19129","targetHints":{"allow":["GET"]}}],"collection":[{"href":"https:\/\/www.haberkartal.tr\/tr-int\/wp-json\/wp\/v2\/posts"}],"about":[{"href":"https:\/\/www.haberkartal.tr\/tr-int\/wp-json\/wp\/v2\/types\/post"}],"author":[{"embeddable":true,"href":"https:\/\/www.haberkartal.tr\/tr-int\/wp-json\/wp\/v2\/users\/8"}],"replies":[{"embeddable":true,"href":"https:\/\/www.haberkartal.tr\/tr-int\/wp-json\/wp\/v2\/comments?post=19129"}],"version-history":[{"count":1,"href":"https:\/\/www.haberkartal.tr\/tr-int\/wp-json\/wp\/v2\/posts\/19129\/revisions"}],"predecessor-version":[{"id":19134,"href":"https:\/\/www.haberkartal.tr\/tr-int\/wp-json\/wp\/v2\/posts\/19129\/revisions\/19134"}],"wp:featuredmedia":[{"embeddable":true,"href":"https:\/\/www.haberkartal.tr\/tr-int\/wp-json\/wp\/v2\/media\/19131"}],"wp:attachment":[{"href":"https:\/\/www.haberkartal.tr\/tr-int\/wp-json\/wp\/v2\/media?parent=19129"}],"wp:term":[{"taxonomy":"category","embeddable":true,"href":"https:\/\/www.haberkartal.tr\/tr-int\/wp-json\/wp\/v2\/categories?post=19129"},{"taxonomy":"post_tag","embeddable":true,"href":"https:\/\/www.haberkartal.tr\/tr-int\/wp-json\/wp\/v2\/tags?post=19129"}],"curies":[{"name":"wp","href":"https:\/\/api.w.org\/{rel}","templated":true}]}}