{"id":19291,"date":"2022-12-29T15:06:16","date_gmt":"2022-12-29T12:06:16","guid":{"rendered":"https:\/\/haberkartal.com\/?p=19291"},"modified":"2022-12-29T15:06:16","modified_gmt":"2022-12-29T12:06:16","slug":"kucaginda-cocukla-minibus-kullanan-surucuye-ceza","status":"publish","type":"post","link":"https:\/\/www.haberkartal.tr\/tr-int\/istanbul\/kucaginda-cocukla-minibus-kullanan-surucuye-ceza\/19291\/","title":{"rendered":"Kuca\u011f\u0131nda \u00e7ocukla minib\u00fcs kullanan s\u00fcr\u00fcc\u00fcye ceza"},"content":{"rendered":"<p>Ata\u015fehir&#8217;de kapal\u0131 kasa bir minib\u00fcs kullanan bir s\u00fcr\u00fcc\u00fc kuca\u011f\u0131ndaki \u00e7ocukla trafi\u011fe \u00e7\u0131kt\u0131. Di\u011fer s\u00fcr\u00fcc\u00fcler, bu tehlikeli durumu cep telefonu kameras\u0131yla kay\u0131t alt\u0131na al\u0131n\u0131p sosyal medyada payla\u015ft\u0131. G\u00f6r\u00fcnt\u00fclerin ard\u0131ndan Trafik Denetleme \u015eube M\u00fcd\u00fcrl\u00fc\u011f\u00fc ekipleri, s\u00fcr\u00fcc\u00fcn\u00fcn tespit edilmesi i\u00e7in \u00e7al\u0131\u015fma ba\u015flatt\u0131.<\/p>\n<p>Polis yapt\u0131\u011f\u0131 \u00e7al\u0131\u015fmalarda H.K. oldu\u011funu belirledi\u011fi \u015f\u00fcpheliyi i\u015flem yapmak \u00fczere g\u00f6zalt\u0131na ald\u0131. H.K.&#8217;ye emniyet kemeri kullanmamaktan 196 lira, sayg\u0131s\u0131zca ara\u00e7 kullanmaktan 196 lira, sola d\u00f6n\u00fc\u015fte sinyal vermemekten 196, trafik g\u00fcvenli\u011fi ve d\u00fczeni ile ilgili olan ve y\u00f6netmelikte g\u00f6sterilen yasaklara uymamaktan 196 olmak \u00fczere, toplam 784 lira idari para cezas\u0131 uyguland\u0131.<\/p>\n<p><img loading=\"lazy\" decoding=\"async\" src=\"https:\/\/haberkartal.com\/wp-content\/uploads\/2022\/12\/kucaginda-cocukla-minibus-kullanan-surucuye-784-lira-ceza_7433_dhaphoto5.jpg\" alt=\"\" width=\"900\" height=\"675\" class=\"alignnone size-full wp-image-19293\" srcset=\"https:\/\/www.haberkartal.tr\/tr-int\/wp-content\/uploads\/2022\/12\/kucaginda-cocukla-minibus-kullanan-surucuye-784-lira-ceza_7433_dhaphoto5.jpg 900w, https:\/\/www.haberkartal.tr\/tr-int\/wp-content\/uploads\/2022\/12\/kucaginda-cocukla-minibus-kullanan-surucuye-784-lira-ceza_7433_dhaphoto5-300x225.jpg 300w, https:\/\/www.haberkartal.tr\/tr-int\/wp-content\/uploads\/2022\/12\/kucaginda-cocukla-minibus-kullanan-surucuye-784-lira-ceza_7433_dhaphoto5-768x576.jpg 768w\" sizes=\"auto, (max-width: 900px) 100vw, 900px\" \/><\/p>\n","protected":false},"excerpt":{"rendered":"<p>Atasehir&#8217;de kuca\u011f\u0131nda \u00e7ocukla kapal\u0131 kasa minib\u00fcs kullanan s\u00fcr\u00fcc\u00fc H.K.&#8217;ye toplam 784 lira ceza kesildi<\/p>\n","protected":false},"author":8,"featured_media":19294,"comment_status":"open","ping_status":"open","sticky":false,"template":"","format":"standard","meta":{"footnotes":""},"categories":[42],"tags":[958,129,541,1375],"class_list":["post-19291","post","type-post","status-publish","format-standard","has-post-thumbnail","hentry","category-istanbul","tag-ceza","tag-cocuk","tag-manset","tag-surucu"],"_links":{"self":[{"href":"https:\/\/www.haberkartal.tr\/tr-int\/wp-json\/wp\/v2\/posts\/19291","targetHints":{"allow":["GET"]}}],"collection":[{"href":"https:\/\/www.haberkartal.tr\/tr-int\/wp-json\/wp\/v2\/posts"}],"about":[{"href":"https:\/\/www.haberkartal.tr\/tr-int\/wp-json\/wp\/v2\/types\/post"}],"author":[{"embeddable":true,"href":"https:\/\/www.haberkartal.tr\/tr-int\/wp-json\/wp\/v2\/users\/8"}],"replies":[{"embeddable":true,"href":"https:\/\/www.haberkartal.tr\/tr-int\/wp-json\/wp\/v2\/comments?post=19291"}],"version-history":[{"count":1,"href":"https:\/\/www.haberkartal.tr\/tr-int\/wp-json\/wp\/v2\/posts\/19291\/revisions"}],"predecessor-version":[{"id":19296,"href":"https:\/\/www.haberkartal.tr\/tr-int\/wp-json\/wp\/v2\/posts\/19291\/revisions\/19296"}],"wp:featuredmedia":[{"embeddable":true,"href":"https:\/\/www.haberkartal.tr\/tr-int\/wp-json\/wp\/v2\/media\/19294"}],"wp:attachment":[{"href":"https:\/\/www.haberkartal.tr\/tr-int\/wp-json\/wp\/v2\/media?parent=19291"}],"wp:term":[{"taxonomy":"category","embeddable":true,"href":"https:\/\/www.haberkartal.tr\/tr-int\/wp-json\/wp\/v2\/categories?post=19291"},{"taxonomy":"post_tag","embeddable":true,"href":"https:\/\/www.haberkartal.tr\/tr-int\/wp-json\/wp\/v2\/tags?post=19291"}],"curies":[{"name":"wp","href":"https:\/\/api.w.org\/{rel}","templated":true}]}}