{"id":19344,"date":"2023-03-02T23:16:28","date_gmt":"2023-03-02T21:16:28","guid":{"rendered":"https:\/\/haberkartal.com\/?p=19344"},"modified":"2023-03-02T23:16:28","modified_gmt":"2023-03-02T21:16:28","slug":"kartaldaki-okullardan-depremzedelere-destek-suruyor","status":"publish","type":"post","link":"https:\/\/www.haberkartal.tr\/tr-int\/kartal\/kartaldaki-okullardan-depremzedelere-destek-suruyor\/19344\/","title":{"rendered":"Kartal&#8217;daki okullardan depremzedelere destek s\u00fcr\u00fcyor"},"content":{"rendered":"<p>Konuya ili\u015fkin Kartal \u0130l\u00e7e Milli E\u011fitim M\u00fcd\u00fcrl\u00fc\u011f\u00fc&#8217;n\u00fcn \u015fu a\u00e7\u0131klama yap\u0131ld\u0131:<\/p>\n<p>Deprem felaketinde zarar g\u00f6ren vatanda\u015flar\u0131m\u0131za t\u00fcm \u00fclkemizden oldu\u011fu gibi Kartal \u0130l\u00e7e Mill\u00ee E\u011fitim M\u00fcd\u00fcrl\u00fc\u011f\u00fcm\u00fcze ba\u011fl\u0131 okullar\u0131m\u0131zdan da yard\u0131mlar akmaya devam ediyor.<\/p>\n<p>\u0130l\u00e7emizde bulunan okullar\u0131m\u0131zdan yap\u0131lan kampanya ile her s\u0131n\u0131f\u0131n ayr\u0131 ayr\u0131 haz\u0131rlad\u0131\u011f\u0131 giyim ve g\u0131da malzemelerini kapsayan al\u0131\u015fveri\u015f \u00e7ekleri Kartal \u0130l\u00e7e Milli E\u011fitim M\u00fcd\u00fcr\u00fcm\u00fcz Dr. Harun T\u00dcYS\u00dcZ, \u0130l\u00e7e Milli E\u011fitim M\u00fcd\u00fcrl\u00fc\u011f\u00fc \u015eube M\u00fcd\u00fcr\u00fcm\u00fcz Murat YILDIZ  ve Okul M\u00fcd\u00fcrlerimiz vas\u0131tas\u0131yla Kartal Kaymakaml\u0131\u011f\u0131&#8217;nda d\u00fczenlenen bir etkinlikle Kartal Kaymakam\u0131m\u0131z Abdullah DEM\u0130R&#8217;e teslim edildi.<\/p>\n<p>Kartal Kaymakam\u0131m\u0131z Abdullah DEM\u0130R yapt\u0131\u011f\u0131 konu\u015fmada deprem b\u00f6lgelerinden gelen \u00e7ok say\u0131da misafirlerimizi bar\u0131nd\u0131rd\u0131klar\u0131n\u0131 ifade ederek, \u0130l\u00e7e Milli E\u011fitim M\u00fcd\u00fcrl\u00fc\u011f\u00fc&#8217;n\u00fcn okullarda yapt\u0131\u011f\u0131 bu kampanya ile onlara destek olunaca\u011f\u0131n\u0131 belirtti. Bu kampanyada amac\u0131n yard\u0131mlar\u0131n ayni olarak yap\u0131lmas\u0131 yerine parasal ge\u00e7erlili\u011fi olan \u00e7ekler halinde afetzedelere ula\u015ft\u0131r\u0131lmas\u0131 oldu\u011fu belirtilen Kartal Kaymakam\u0131m\u0131z Abdullah DEM\u0130R, olduk\u00e7a s\u0131k\u0131nt\u0131l\u0131 g\u00fcnler ge\u00e7iren depremzedelerin gerek g\u0131da gerekse de giyim al\u0131\u015fveri\u015fi yapabilecekleri ifade edildi. Kampanyalar\u0131n \u00f6n\u00fcm\u00fczdeki Ramazan ay\u0131nda da s\u00fcrece\u011fi belirtilirken ilk etapta ba\u015flang\u0131\u00e7 olarak 563 adet giyim ve 260 adet ise g\u0131da \u00e7eki Kaymakaml\u0131\u011f\u0131m\u0131za teslim edilmi\u015ftir dedi.<\/p>\n","protected":false},"excerpt":{"rendered":"<p>Kartal \u0130l\u00e7e Milli E\u011fitim M\u00fcd\u00fcrl\u00fc\u011f\u00fc&#8217;n\u00fcn afetzedelere yard\u0131mlar\u0131 devam ediyor.<\/p>\n","protected":false},"author":4,"featured_media":19346,"comment_status":"open","ping_status":"open","sticky":false,"template":"","format":"standard","meta":{"footnotes":""},"categories":[3],"tags":[],"class_list":["post-19344","post","type-post","status-publish","format-standard","has-post-thumbnail","hentry","category-kartal"],"_links":{"self":[{"href":"https:\/\/www.haberkartal.tr\/tr-int\/wp-json\/wp\/v2\/posts\/19344","targetHints":{"allow":["GET"]}}],"collection":[{"href":"https:\/\/www.haberkartal.tr\/tr-int\/wp-json\/wp\/v2\/posts"}],"about":[{"href":"https:\/\/www.haberkartal.tr\/tr-int\/wp-json\/wp\/v2\/types\/post"}],"author":[{"embeddable":true,"href":"https:\/\/www.haberkartal.tr\/tr-int\/wp-json\/wp\/v2\/users\/4"}],"replies":[{"embeddable":true,"href":"https:\/\/www.haberkartal.tr\/tr-int\/wp-json\/wp\/v2\/comments?post=19344"}],"version-history":[{"count":1,"href":"https:\/\/www.haberkartal.tr\/tr-int\/wp-json\/wp\/v2\/posts\/19344\/revisions"}],"predecessor-version":[{"id":19347,"href":"https:\/\/www.haberkartal.tr\/tr-int\/wp-json\/wp\/v2\/posts\/19344\/revisions\/19347"}],"wp:featuredmedia":[{"embeddable":true,"href":"https:\/\/www.haberkartal.tr\/tr-int\/wp-json\/wp\/v2\/media\/19346"}],"wp:attachment":[{"href":"https:\/\/www.haberkartal.tr\/tr-int\/wp-json\/wp\/v2\/media?parent=19344"}],"wp:term":[{"taxonomy":"category","embeddable":true,"href":"https:\/\/www.haberkartal.tr\/tr-int\/wp-json\/wp\/v2\/categories?post=19344"},{"taxonomy":"post_tag","embeddable":true,"href":"https:\/\/www.haberkartal.tr\/tr-int\/wp-json\/wp\/v2\/tags?post=19344"}],"curies":[{"name":"wp","href":"https:\/\/api.w.org\/{rel}","templated":true}]}}