{"id":19358,"date":"2023-03-31T16:10:30","date_gmt":"2023-03-31T13:10:30","guid":{"rendered":"https:\/\/haberkartal.com\/?p=19358"},"modified":"2023-03-31T16:10:30","modified_gmt":"2023-03-31T13:10:30","slug":"kartal-belediyesinin-duzenledigi-ramazan-ayi-inanc-turlari-basladi","status":"publish","type":"post","link":"https:\/\/www.haberkartal.tr\/tr-int\/kartal\/kartal-belediyesinin-duzenledigi-ramazan-ayi-inanc-turlari-basladi\/19358\/","title":{"rendered":"Kartal Belediyesi\u2019nin D\u00fczenledi\u011fi Ramazan Ay\u0131 \u0130nan\u00e7 Turlar\u0131 Ba\u015flad\u0131"},"content":{"rendered":"<p>Ramazan ay\u0131 boyunca devam edecek inan\u00e7 turuna bu kez Atalar Mahallesi sakinleri kat\u0131ld\u0131. Toplam 5 otob\u00fcs ile mahalle muhtarl\u0131\u011f\u0131n\u0131n \u00f6n\u00fcnden hareket eden Kartall\u0131lar\u0131n ilk dura\u011f\u0131 Beykoz\u2019da bulunan Yu\u015fa Hazretleri Tepesi oldu.  Burada Hz. Yu\u015fa\u2019n\u0131n T\u00fcrbesi\u2019ni ziyaret ederek dua eden vatanda\u015flar daha sonra Fatih\u2019te bulunan H\u0131rka-i \u015eerif Cami\u2019ne gitti. Ramazan ay\u0131n\u0131n ilk Cuma g\u00fcn\u00fc ziyarete a\u00e7\u0131lan ve peygamber efendimizin kutsal emanetlerinin ziyaret edilebildi\u011fi camide yakla\u015f\u0131k 1 saat kalarak ibadet eden mahalle sakinleri daha sonra Ey\u00fcp\u2019te bulunan Ey\u00fcp Sultan T\u00fcrbesi ve Cami\u2019sini ziyaret etti. Burada \u00f6\u011fle namaz\u0131n\u0131 eda eden vatanda\u015flar rehberler e\u015fli\u011finde Ey\u00fcp Sultan&#8217;da bulunan k\u00fclliye, imarethane ile \u00f6nemli din ve devlet b\u00fcy\u00fcklerinin mezarlar\u0131n\u0131 ziyaret ederek, dua etti. <\/p>\n<p>Kartal Belediyesi Kom\u015fu \u0130leti\u015fim Merkezi taraf\u0131ndan d\u00fczenlenen inan\u00e7 turuna kat\u0131lan t\u00fcm vatanda\u015flara i\u00e7inde e\u015farp, yasin, c\u00fcz ve tesbih bulunan set hediye edildi. Rehberler e\u015fli\u011finde gezilen kutsal mek\u00e2nlar\u0131n \u00f6zelliklerinin ve hikayelerinin anlatt\u0131\u011f\u0131 inan\u00e7 turlar\u0131nda vatanda\u015flar duygu dolu anlar ya\u015fad\u0131. \u0130stanbul\u2019un \u00f6nemli ibadet merkezlerini ziyaret etme olana\u011f\u0131 bulduklar\u0131n\u0131 belirten vatanda\u015flar yap\u0131lan hizmet i\u00e7in Kartal Belediyesi\u2019ne te\u015fekk\u00fcr etti. <\/p>\n<p>Ramazan ay\u0131 boyunca d\u00fczenlenecek inan\u00e7 turlar\u0131 kapsam\u0131nda Kartal\u2019\u0131n di\u011fer mahallelerinde oturan vatanda\u015flar i\u00e7inde Kartal Belediyesi cami ve t\u00fcrbe ziyaretlerini d\u00fczenlemeye devam edecek. Ziyaretlere kat\u0131lmak isteyen vatanda\u015flar Kartal Belediyesi\u2019nin www.kartal.bel.tr adresinden bulunan \u00f6n kay\u0131t formunu doldurarak geziye kat\u0131labilecek. <\/p>\n","protected":false},"excerpt":{"rendered":"<p>Kartal Belediyesi\u2019nin, Ramazan ay\u0131 etkinlikleri kapsam\u0131nda d\u00fczenledi\u011fi inan\u00e7 turlar\u0131 ba\u015flad\u0131. Kartal Belediyesi Kom\u015fu \u0130leti\u015fim Merkezi taraf\u0131ndan yap\u0131lan organizasyon kapsam\u0131nda muhtarl\u0131klar\u0131n \u00f6n\u00fcnden kald\u0131r\u0131lan otob\u00fcslerle vatanda\u015flar \u0130stanbul\u2019un \u00f6nemli inan\u00e7 merkezlerini ziyaret ediyor. <\/p>\n","protected":false},"author":4,"featured_media":19360,"comment_status":"open","ping_status":"open","sticky":false,"template":"","format":"standard","meta":{"footnotes":""},"categories":[3],"tags":[2329,90,541],"class_list":["post-19358","post","type-post","status-publish","format-standard","has-post-thumbnail","hentry","category-kartal","tag-inanc","tag-kartal","tag-manset"],"_links":{"self":[{"href":"https:\/\/www.haberkartal.tr\/tr-int\/wp-json\/wp\/v2\/posts\/19358","targetHints":{"allow":["GET"]}}],"collection":[{"href":"https:\/\/www.haberkartal.tr\/tr-int\/wp-json\/wp\/v2\/posts"}],"about":[{"href":"https:\/\/www.haberkartal.tr\/tr-int\/wp-json\/wp\/v2\/types\/post"}],"author":[{"embeddable":true,"href":"https:\/\/www.haberkartal.tr\/tr-int\/wp-json\/wp\/v2\/users\/4"}],"replies":[{"embeddable":true,"href":"https:\/\/www.haberkartal.tr\/tr-int\/wp-json\/wp\/v2\/comments?post=19358"}],"version-history":[{"count":2,"href":"https:\/\/www.haberkartal.tr\/tr-int\/wp-json\/wp\/v2\/posts\/19358\/revisions"}],"predecessor-version":[{"id":19362,"href":"https:\/\/www.haberkartal.tr\/tr-int\/wp-json\/wp\/v2\/posts\/19358\/revisions\/19362"}],"wp:featuredmedia":[{"embeddable":true,"href":"https:\/\/www.haberkartal.tr\/tr-int\/wp-json\/wp\/v2\/media\/19360"}],"wp:attachment":[{"href":"https:\/\/www.haberkartal.tr\/tr-int\/wp-json\/wp\/v2\/media?parent=19358"}],"wp:term":[{"taxonomy":"category","embeddable":true,"href":"https:\/\/www.haberkartal.tr\/tr-int\/wp-json\/wp\/v2\/categories?post=19358"},{"taxonomy":"post_tag","embeddable":true,"href":"https:\/\/www.haberkartal.tr\/tr-int\/wp-json\/wp\/v2\/tags?post=19358"}],"curies":[{"name":"wp","href":"https:\/\/api.w.org\/{rel}","templated":true}]}}