{"id":19435,"date":"2023-05-10T08:35:50","date_gmt":"2023-05-10T07:35:50","guid":{"rendered":"https:\/\/haberkartal.com\/?p=19435"},"modified":"2023-05-10T08:35:50","modified_gmt":"2023-05-10T07:35:50","slug":"kartal-kitap-fuari-kitapseverler-ile-bulusmak-icin-gun-sayiyor","status":"publish","type":"post","link":"https:\/\/www.haberkartal.tr\/tr-int\/kartal\/kartal-kitap-fuari-kitapseverler-ile-bulusmak-icin-gun-sayiyor\/19435\/","title":{"rendered":"Kartal Kitap Fuar\u0131, Kitapseverler \u0130le Bulu\u015fmak \u0130\u00e7in G\u00fcn Say\u0131yor"},"content":{"rendered":"<p><strong>Edebiyat D\u00fcnyas\u0131n\u0131n Usta Kalemleri An\u0131lacak<\/strong><\/p>\n<p>\u0130stanbul Anadolu Yakas\u0131\u2019n\u0131n en b\u00fcy\u00fck fuar olma \u00f6zelli\u011fini ta\u015f\u0131yan Kartal Kitap Fuar\u0131, s\u00f6yle\u015fi, imza g\u00fcnleri ve \u00e7ok say\u0131da k\u00fclt\u00fcrel etkinli\u011fe ev sahipli\u011fi yapacak. Fuarda bu y\u0131l Sabahattin Ali, Naz\u0131m Hikmet, U\u011fur Mumcu gibi edebiyat d\u00fcnyas\u0131n\u0131n \u00f6nemli de\u011ferleri i\u00e7in anma etkinlikleri de yer alacak.<\/p>\n<p><strong>Onur Konu\u011fu G\u00fclten Day\u0131o\u011flu<\/strong><\/p>\n<p>Kitapseverlerin yazarlarla bulu\u015ftu\u011fu Kartal Kitap Fuar\u0131\u2019n\u0131n bu y\u0131lki onur konu\u011fu ise, T\u00fcrk edebiyat\u0131na 60 y\u0131ld\u0131r hizmet veren usta yazar G\u00fclten Day\u0131o\u011flu olacak. <\/p>\n<p><strong>Yazar ve Okuyucular Bulu\u015facak<\/strong><\/p>\n<p>Yazarlar\u0131n okuyucular\u0131yla bulu\u015ftu\u011fu fuarda bu y\u0131l; Emre Kongar, Ahmet \u00dcmit, \u015eermin Ya\u015far, Banu Avar, Haydar Erg\u00fclen, Onur \u00d6ymen, Sinan Meydan, Sunay Ak\u0131n, Z\u00fclal Kalkandelen, Latife Tekin, Faruk Duman, \u00d6m\u00fcr Kurt, Faruk Sayar, \u0130nci Aral, Kemal Varol ve Mine S\u00f6\u011f\u00fct gibi yazarlar yer alacak. Ayr\u0131ca fuara gen\u00e7 yazarlar, tiyatro sanat\u00e7\u0131lar\u0131, m\u00fczisyenler ve k\u00fclt\u00fcr sanat d\u00fcnyas\u0131n\u0131n \u00f6nemli isimleri de kat\u0131lacak. <\/p>\n<p><strong>Ba\u015fkan G\u00f6khan Y\u00fcksel\u2019den Kitap Tutkunlar\u0131na Davet<\/strong><\/p>\n<p>Edebiyata g\u00f6n\u00fcl veren t\u00fcm kitapseverleri Kartal Meydan\u0131\u2019nda yap\u0131lacak olan fuara davet eden Kartal Belediye Ba\u015fkan\u0131 G\u00f6khan Y\u00fcksel, \u201cBu y\u0131l 3\u2019\u00fcnc\u00fcs\u00fcn\u00fc d\u00fczenleyece\u011fimiz kitap fuar\u0131nda edebiyat d\u00fcnyas\u0131n\u0131n birbirinden de\u011ferli yazarlar\u0131, \u015fairleri ve sanat\u00e7\u0131lar\u0131n\u0131 a\u011f\u0131rlayaca\u011f\u0131z. Ayr\u0131ca edebiyat d\u00fcnyas\u0131n\u0131n de\u011ferleri ustalar\u0131 i\u00e7in anma etkinlikleri d\u00fczenleyece\u011fiz. Kitap tutkunlar\u0131n\u0131 edebiyat d\u00fcnyas\u0131n\u0131n usta isimleriyle bulu\u015fturaca\u011f\u0131z. D\u00fczenleyece\u011fimiz imza g\u00fcn\u00fc, s\u00f6yle\u015filer ile Kartal, \u0130stanbul\u2019un yeni k\u00fclt\u00fcr sanat merkezi olma yolunda bir ev sahipli\u011fini daha \u00fcstlenecek. 2-11 Haziran tarihleri aras\u0131nda d\u00fczenleyece\u011fimiz fuara t\u00fcm kitap tutkunlar\u0131n\u0131 davet ediyorum.\u201d dedi. <\/p>\n","protected":false},"excerpt":{"rendered":"<p>Kartal Belediyesi taraf\u0131ndan geleneksel hale getirilen Kartal Kitap Fuar\u0131\u2019n\u0131n 3\u2019\u00fcnc\u00fcs\u00fc, 2-11 Haziran tarihleri aras\u0131nda ger\u00e7ekle\u015fecek. Kartal Meydan\u0131\u2019nda yap\u0131lacak olan fuara, 100\u2019e yak\u0131n yay\u0131nevi ve 1000 &#8216;i a\u015fk\u0131n yazar kat\u0131l\u0131m sa\u011flayacak. Kartal Kitap Fuar\u0131, \u0130stanbul ve \u00e7evre kentlerden okuyucular\u0131 yay\u0131nevleri ve yazarlar ile bulu\u015fturacak. <\/p>\n","protected":false},"author":4,"featured_media":19437,"comment_status":"open","ping_status":"open","sticky":false,"template":"","format":"standard","meta":{"footnotes":""},"categories":[3],"tags":[1983,396,541],"class_list":["post-19435","post","type-post","status-publish","format-standard","has-post-thumbnail","hentry","category-kartal","tag-fuar","tag-kitap","tag-manset"],"_links":{"self":[{"href":"https:\/\/www.haberkartal.tr\/tr-int\/wp-json\/wp\/v2\/posts\/19435","targetHints":{"allow":["GET"]}}],"collection":[{"href":"https:\/\/www.haberkartal.tr\/tr-int\/wp-json\/wp\/v2\/posts"}],"about":[{"href":"https:\/\/www.haberkartal.tr\/tr-int\/wp-json\/wp\/v2\/types\/post"}],"author":[{"embeddable":true,"href":"https:\/\/www.haberkartal.tr\/tr-int\/wp-json\/wp\/v2\/users\/4"}],"replies":[{"embeddable":true,"href":"https:\/\/www.haberkartal.tr\/tr-int\/wp-json\/wp\/v2\/comments?post=19435"}],"version-history":[{"count":1,"href":"https:\/\/www.haberkartal.tr\/tr-int\/wp-json\/wp\/v2\/posts\/19435\/revisions"}],"predecessor-version":[{"id":19438,"href":"https:\/\/www.haberkartal.tr\/tr-int\/wp-json\/wp\/v2\/posts\/19435\/revisions\/19438"}],"wp:featuredmedia":[{"embeddable":true,"href":"https:\/\/www.haberkartal.tr\/tr-int\/wp-json\/wp\/v2\/media\/19437"}],"wp:attachment":[{"href":"https:\/\/www.haberkartal.tr\/tr-int\/wp-json\/wp\/v2\/media?parent=19435"}],"wp:term":[{"taxonomy":"category","embeddable":true,"href":"https:\/\/www.haberkartal.tr\/tr-int\/wp-json\/wp\/v2\/categories?post=19435"},{"taxonomy":"post_tag","embeddable":true,"href":"https:\/\/www.haberkartal.tr\/tr-int\/wp-json\/wp\/v2\/tags?post=19435"}],"curies":[{"name":"wp","href":"https:\/\/api.w.org\/{rel}","templated":true}]}}