{"id":19455,"date":"2023-05-22T10:14:32","date_gmt":"2023-05-22T07:14:32","guid":{"rendered":"https:\/\/www.haberkartal.com\/?p=19455"},"modified":"2023-05-22T10:14:32","modified_gmt":"2023-05-22T07:14:32","slug":"kartal-belediyesinde-100-kadin-100-nefes-projesi-basladi","status":"publish","type":"post","link":"https:\/\/www.haberkartal.tr\/tr-int\/kartal\/kartal-belediyesinde-100-kadin-100-nefes-projesi-basladi\/19455\/","title":{"rendered":"Kartal Belediyesi\u2019nde \u2018100 Kad\u0131n 100 Nefes\u2019 Projesi Ba\u015flad\u0131"},"content":{"rendered":"<p>Kartal Belediyesi \u0130nsan Kaynaklar\u0131 ve E\u011fitim M\u00fcd\u00fcrl\u00fc\u011f\u00fc taraf\u0131ndan organize edilen e\u011fitimlerde, ilkyard\u0131m fark\u0131ndal\u0131k, temel afet bilin\u00e7lendirme, yang\u0131n fark\u0131ndal\u0131k e\u011fitimleri, toplanma alanlar\u0131nda organizasyon, ev kazalar\u0131 seminerleri yap\u0131ld\u0131. Uygulamal\u0131 b\u00f6l\u00fcmde ise cans\u0131z manken kullan\u0131larak temel ilk yard\u0131m bilgileri aktar\u0131ld\u0131. <\/p>\n<p>Meydana gelebilecek olas\u0131 kazalar, afet veya acil durumlar kar\u015f\u0131s\u0131nda kendisi, ailesi, i\u015f yeri ve toplum a\u00e7\u0131s\u0131ndan g\u00fcvenli ya\u015fam k\u00fclt\u00fcr\u00fc edinmi\u015f, alaca\u011f\u0131 do\u011fru inisiyatiflerle bilin\u00e7li ilk m\u00fcdahalede bulunacak ve \u00e7ocuklar\u0131n\u0131 afetlere kar\u015f\u0131 bilin\u00e7li \u015fekilde yeti\u015ftirecek kad\u0131nlar\u0131 e\u011fitmeyi hedefleyen program\u0131n ilk g\u00fcn\u00fcnde, kad\u0131n \u00e7al\u0131\u015fanlar e\u011fitime yo\u011fun ilgi g\u00f6sterdi. <\/p>\n","protected":false},"excerpt":{"rendered":"<p>Kartal Belediyesi ve Akut Vakf\u0131 i\u015fbirli\u011fiyle ger\u00e7ekle\u015ftirilen, afet ve acil durumlara y\u00f6nelik riskleri azaltmak ve bilin\u00e7lendirme kazand\u0131rmak amac\u0131yla yap\u0131lan \u2018100 Kad\u0131n 100 Nefes\u2019 projesinin e\u011fitimleri ba\u015flad\u0131. Kartal Belediyesi Meclis Salonu\u2019nda yap\u0131lan e\u011fitimlere belediyede g\u00f6rev yapan kad\u0131n \u00e7al\u0131\u015fanlar kat\u0131ld\u0131. <\/p>\n","protected":false},"author":4,"featured_media":19457,"comment_status":"open","ping_status":"open","sticky":false,"template":"","format":"standard","meta":{"footnotes":""},"categories":[3],"tags":[541],"class_list":["post-19455","post","type-post","status-publish","format-standard","has-post-thumbnail","hentry","category-kartal","tag-manset"],"_links":{"self":[{"href":"https:\/\/www.haberkartal.tr\/tr-int\/wp-json\/wp\/v2\/posts\/19455","targetHints":{"allow":["GET"]}}],"collection":[{"href":"https:\/\/www.haberkartal.tr\/tr-int\/wp-json\/wp\/v2\/posts"}],"about":[{"href":"https:\/\/www.haberkartal.tr\/tr-int\/wp-json\/wp\/v2\/types\/post"}],"author":[{"embeddable":true,"href":"https:\/\/www.haberkartal.tr\/tr-int\/wp-json\/wp\/v2\/users\/4"}],"replies":[{"embeddable":true,"href":"https:\/\/www.haberkartal.tr\/tr-int\/wp-json\/wp\/v2\/comments?post=19455"}],"version-history":[{"count":1,"href":"https:\/\/www.haberkartal.tr\/tr-int\/wp-json\/wp\/v2\/posts\/19455\/revisions"}],"predecessor-version":[{"id":19458,"href":"https:\/\/www.haberkartal.tr\/tr-int\/wp-json\/wp\/v2\/posts\/19455\/revisions\/19458"}],"wp:featuredmedia":[{"embeddable":true,"href":"https:\/\/www.haberkartal.tr\/tr-int\/wp-json\/wp\/v2\/media\/19457"}],"wp:attachment":[{"href":"https:\/\/www.haberkartal.tr\/tr-int\/wp-json\/wp\/v2\/media?parent=19455"}],"wp:term":[{"taxonomy":"category","embeddable":true,"href":"https:\/\/www.haberkartal.tr\/tr-int\/wp-json\/wp\/v2\/categories?post=19455"},{"taxonomy":"post_tag","embeddable":true,"href":"https:\/\/www.haberkartal.tr\/tr-int\/wp-json\/wp\/v2\/tags?post=19455"}],"curies":[{"name":"wp","href":"https:\/\/api.w.org\/{rel}","templated":true}]}}