{"id":19473,"date":"2023-05-25T17:45:15","date_gmt":"2023-05-25T14:45:15","guid":{"rendered":"https:\/\/www.haberkartal.com\/?p=19473"},"modified":"2023-05-25T17:45:15","modified_gmt":"2023-05-25T14:45:15","slug":"tuzla-belediye-baskani-dr-sadi-yazicidan-onemli-aciklama-tuzlada-20-site-donusecek","status":"publish","type":"post","link":"https:\/\/www.haberkartal.tr\/tr-int\/tuzla\/tuzla-belediye-baskani-dr-sadi-yazicidan-onemli-aciklama-tuzlada-20-site-donusecek\/19473\/","title":{"rendered":"Tuzla Belediye Ba\u015fkan\u0131 Dr. \u015eadi Yaz\u0131c\u0131&#8217;dan \u00f6nemli a\u00e7\u0131klama: Tuzla\u2019da 20 site d\u00f6n\u00fc\u015fecek!"},"content":{"rendered":"<p> Kahramanmara\u015f merkezli 11 ilde ya\u015fanan depremlerin ard\u0131ndan Cumhurba\u015fkan\u0131 Recep Tayyip Erdo\u011fan&#8217;\u0131n \u0130stanbul&#8217;da hayata ge\u00e7irdi\u011fi &#8216;Yar\u0131s\u0131 Bizden&#8217; kampanyas\u0131n\u0131n deste\u011fiyle, Tuzla&#8217;da 20 sitenin daha d\u00f6n\u00fc\u015f\u00fcm\u00fc i\u00e7in rezerv alan, imar plan\u0131 ve proje deste\u011fi sa\u011fland\u0131. Toplam 5 bin vatanda\u015f\u0131n ya\u015fad\u0131\u011f\u0131 sitelerdeki binalar\u0131n k\u0131sa s\u00fcrede y\u0131k\u0131l\u0131p yenilerinin in\u015fa edilmesi hedefleniyor. Ayr\u0131ca 1999 G\u00f6lc\u00fck Depremi sonras\u0131nda orta hasarl\u0131 ve deprem riski ta\u015f\u0131yan binalar\u0131n y\u0131k\u0131m \u00e7al\u0131\u015fmalar\u0131 da devam ediyor.<\/p>\n<p>Cumhurba\u015fkan\u0131 Recep Tayyip Erdo\u011fan taraf\u0131ndan a\u00e7\u0131klanan &#8216;Yar\u0131s\u0131 Bizden&#8217; kampanyas\u0131, \u0130stanbul&#8217;un yan\u0131 s\u0131ra Tuzla&#8217;da da b\u00fcy\u00fck bir ilgi g\u00f6r\u00fcyor. Tuzla Belediye Ba\u015fkan\u0131 Dr. \u015eadi Yaz\u0131c\u0131\u2019n\u0131n 2009 y\u0131l\u0131ndan itibaren il\u00e7ede bulunan ve yap\u0131 \u00f6mr\u00fcn\u00fcn tamamlam\u0131\u015f sitelerin y\u00f6neticileri ile kentsel d\u00f6n\u00fc\u015f\u00fcme y\u00f6nelik ger\u00e7ekle\u015ftirdi\u011fi bire bir g\u00f6r\u00fc\u015fmeler, 11 ili etkileyen depremlerin ard\u0131ndan h\u0131z kazand\u0131. Asr\u0131n Felaketi ve \u2018Yar\u0131s\u0131 bizden\u2019 kampanyas\u0131n\u0131n ard\u0131ndan Ba\u015fkan Yaz\u0131c\u0131\u2019n\u0131n bire bir ger\u00e7ekle\u015ftirdi\u011fi g\u00f6r\u00fc\u015fmeler sonucunda 20 sitenin daha d\u00f6n\u00fc\u015f\u00fcm\u00fc i\u00e7in rezerv alan, imar plan\u0131 ve proje deste\u011fi verildi. Toplamda 5 bin vatanda\u015f\u0131n ya\u015fad\u0131\u011f\u0131 sitelerdeki binalar\u0131n k\u0131sa s\u00fcre i\u00e7erisinde y\u0131k\u0131larak yeni binalar\u0131n yap\u0131lmas\u0131 ama\u00e7lan\u0131yor. Ayr\u0131ca 1999 y\u0131l\u0131nda meydana gelen G\u00f6lc\u00fck Depremi sonras\u0131nda orta hasarl\u0131 olan ve deprem riski ta\u015f\u0131yan binalar\u0131n da y\u0131k\u0131m\u0131na devam ediliyor. <\/p>\n<p><strong>\u201c10 B\u0130NE YAKIN BA\u011eIMSIZ B\u00d6L\u00dcM\u00dc \u0130LG\u0130LEND\u0130REN D\u00d6N\u00dc\u015e\u00dcM \u00c7ALI\u015eMALARINI BA\u015eLATMI\u015e OLDUK\u201d<\/strong><\/p>\n<p>Tuzla\u2019da yap\u0131lan \u00e7al\u0131\u015fmalar hakk\u0131nda bilgi veren Tuzla Belediye Ba\u015fkan\u0131 Dr. \u015eadi Yaz\u0131c\u0131, \u201cTuzla\u2019da deprem ger\u00e7e\u011fini hi\u00e7bir zaman unutmad\u0131k. 10 y\u0131l\u0131 a\u015fk\u0131n bir s\u00fcredir deprem d\u00f6n\u00fc\u015f\u00fcm\u00fc ile ilgili s\u00fcrekli \u00e7al\u0131\u015fmalar yap\u0131yoruz. Van Depremi\u2019nden sonra Say\u0131n Cumhurba\u015fkan\u0131m\u0131z taraf\u0131ndan hayata ge\u00e7irilen yeni yasalar ile beraber, o yasalar\u0131n avantajlar\u0131 ile s\u00fcrd\u00fcrd\u00fc\u011f\u00fcm\u00fcz \u00e7al\u0131\u015fmalar\u0131, \u2018\u0130lk Evim \u0130lk \u0130\u015f yerim\u2019 projesi ve \u2018Yar\u0131s\u0131 Bizden\u2019 kampanyas\u0131 ile bir anda h\u0131z kazand\u0131. Kahramanmara\u015f ve Hatay depremleri sonras\u0131ndaki deprem ger\u00e7e\u011fi ile Say\u0131n Cumhurba\u015fkan\u0131m\u0131z\u0131n talimat\u0131 \u00c7evre, \u015eehircilik ve \u0130klim De\u011fi\u015fikli\u011fi Bakanl\u0131\u011f\u0131m\u0131z\u0131n \u00e7al\u0131\u015fmalar\u0131 ile kentsel d\u00f6n\u00fc\u015f\u00fcm \u00e7al\u0131\u015fmalar\u0131na Tuzla\u2019da h\u0131z verdik. B\u00fct\u00fcn sitelerimizin ve \u00f6zellikle de bir an \u00f6nce d\u00f6n\u00fc\u015febilmesi i\u00e7in \u00e7ok h\u0131zl\u0131 bir \u015fekilde incelenmesi, de\u011ferlendirilmesi ve ilgili imar planlar\u0131n\u0131n yap\u0131larak bir an \u00f6nce d\u00f6n\u00fc\u015febilmesi i\u00e7in \u0131\u015f\u0131k h\u0131z\u0131yla denilebilecek bir h\u0131zla Tuzlam\u0131zda 20\u2019den fazla sitenin d\u00f6n\u00fc\u015f\u00fcm\u00fc i\u00e7in karar al\u0131nd\u0131. Rezerv alan ilanlar\u0131 ile planlar\u0131 yap\u0131ld\u0131 ve insanlar\u0131m\u0131zla g\u00f6r\u00fc\u015ft\u00fck. \u015eu anda Tuzla\u2019da 10 bine yak\u0131n ba\u011f\u0131ms\u0131z b\u00f6l\u00fcm\u00fc ilgilendiren d\u00f6n\u00fc\u015f\u00fcm \u00e7al\u0131\u015fmalar\u0131m\u0131z\u0131 sitelerimizle bire bir g\u00f6r\u00fc\u015ferek, detaylar\u0131 anlatarak ba\u015flatm\u0131\u015f olduk. Ben ba\u015fta Say\u0131n Cumhurba\u015fkan\u0131m\u0131za, Say\u0131n Bakan\u0131m\u0131z Murat Kurum\u2019a ve eme\u011fi ge\u00e7en b\u00fct\u00fcn arkada\u015flar\u0131ma te\u015fekk\u00fcr ediyorum.\u201d dedi.<\/p>\n<p><strong>\u201cKENTSEL D\u00d6N\u00dc\u015e\u00dcME BA\u015eLAYAB\u0130L\u0130R\u0130Z, KAZMA VURAB\u0130L\u0130R\u0130Z DURUMUNA GELMES\u0130 \u0130NSANLARI \u00c7OK MUTLU ED\u0130YOR\u201d<\/strong><\/p>\n<p>Kentsel d\u00f6n\u00fc\u015f\u00fcm i\u00e7in gelen vatanda\u015flar\u0131n, g\u00f6r\u00fc\u015fme sonras\u0131nda mutlu ayr\u0131ld\u0131\u011f\u0131n\u0131 belirten Ba\u015fkan Yaz\u0131c\u0131,\u201d \u0130nsanlar 20-30 y\u0131l \u00f6nce yap\u0131lm\u0131\u015f evlerin i\u00e7erisinde, \u00f6zellikle deprem sonras\u0131nda korkuyla ya\u015f\u0131yorlar. Bak\u0131rk\u00f6y ve Tuzla gibi Kuzey Anadolu Fay Hatt\u0131\u2019na yak\u0131n bir il\u00e7ede ya\u015famak ve dolay\u0131s\u0131yla bunun getirmi\u015f oldu\u011fu stresler ile ya\u015f\u0131yorlar. Kentsel d\u00f6n\u00fc\u015f\u00fcm ile alakal\u0131 haberleri duyanlar, bu i\u015fin ba\u015flad\u0131\u011f\u0131n\u0131 de\u011fil, planlar\u0131n\u0131n onayland\u0131\u011f\u0131n\u0131 g\u00f6r\u00fcnce \u00e7ok mutlu oluyorlar. Hadi ba\u015flayabiliriz, kazma vurabiliriz durumuna gelmesi insanlar\u0131 \u00e7ok mutlu ediyor\u201d dedi. <\/p>\n","protected":false},"excerpt":{"rendered":"<p>Tuzla Belediye Ba\u015fkan\u0131 Dr. \u015eadi Yaz\u0131c\u0131, il\u00e7e genelindeki yap\u0131 \u00f6mr\u00fcn\u00fc tamamlam\u0131\u015f sitelerin y\u00f6neticileriyle bire bir g\u00f6r\u00fc\u015fmeler ger\u00e7ekle\u015ftirerek kentsel d\u00f6n\u00fc\u015f\u00fcm \u00e7al\u0131\u015fmalar\u0131n\u0131 h\u0131zland\u0131rd\u0131<\/p>\n","protected":false},"author":4,"featured_media":19475,"comment_status":"open","ping_status":"open","sticky":false,"template":"","format":"standard","meta":{"footnotes":""},"categories":[6],"tags":[541,98,128],"class_list":["post-19473","post","type-post","status-publish","format-standard","has-post-thumbnail","hentry","category-tuzla","tag-manset","tag-sadi-yazici","tag-tuzla"],"_links":{"self":[{"href":"https:\/\/www.haberkartal.tr\/tr-int\/wp-json\/wp\/v2\/posts\/19473","targetHints":{"allow":["GET"]}}],"collection":[{"href":"https:\/\/www.haberkartal.tr\/tr-int\/wp-json\/wp\/v2\/posts"}],"about":[{"href":"https:\/\/www.haberkartal.tr\/tr-int\/wp-json\/wp\/v2\/types\/post"}],"author":[{"embeddable":true,"href":"https:\/\/www.haberkartal.tr\/tr-int\/wp-json\/wp\/v2\/users\/4"}],"replies":[{"embeddable":true,"href":"https:\/\/www.haberkartal.tr\/tr-int\/wp-json\/wp\/v2\/comments?post=19473"}],"version-history":[{"count":1,"href":"https:\/\/www.haberkartal.tr\/tr-int\/wp-json\/wp\/v2\/posts\/19473\/revisions"}],"predecessor-version":[{"id":19476,"href":"https:\/\/www.haberkartal.tr\/tr-int\/wp-json\/wp\/v2\/posts\/19473\/revisions\/19476"}],"wp:featuredmedia":[{"embeddable":true,"href":"https:\/\/www.haberkartal.tr\/tr-int\/wp-json\/wp\/v2\/media\/19475"}],"wp:attachment":[{"href":"https:\/\/www.haberkartal.tr\/tr-int\/wp-json\/wp\/v2\/media?parent=19473"}],"wp:term":[{"taxonomy":"category","embeddable":true,"href":"https:\/\/www.haberkartal.tr\/tr-int\/wp-json\/wp\/v2\/categories?post=19473"},{"taxonomy":"post_tag","embeddable":true,"href":"https:\/\/www.haberkartal.tr\/tr-int\/wp-json\/wp\/v2\/tags?post=19473"}],"curies":[{"name":"wp","href":"https:\/\/api.w.org\/{rel}","templated":true}]}}