{"id":19540,"date":"2023-12-15T18:57:26","date_gmt":"2023-12-15T15:57:26","guid":{"rendered":"https:\/\/www.haberkartal.com\/tr-int\/?p=19540"},"modified":"2023-12-15T18:57:26","modified_gmt":"2023-12-15T15:57:26","slug":"kartalda-farkindalik-yaratan-iklim-degisikligi-semineri","status":"publish","type":"post","link":"https:\/\/www.haberkartal.tr\/tr-int\/kartal\/kartalda-farkindalik-yaratan-iklim-degisikligi-semineri\/19540\/","title":{"rendered":"Kartal\u2019da Fark\u0131ndal\u0131k Yaratan \u0130klim De\u011fi\u015fikli\u011fi Semineri"},"content":{"rendered":"<p>Kartal Belediyesi, il\u00e7e genelinde uygulanan \u00e7evre dostu projelerine bir yenisini daha ekledi. Kartal Belediyesi \u0130klim De\u011fi\u015fikli\u011fi ve S\u0131f\u0131r At\u0131k M\u00fcd\u00fcrl\u00fc\u011f\u00fc taraf\u0131ndan, \u2018E\u011fiticinin E\u011fitimi- \u0130klim De\u011fi\u015fikli\u011fi ve S\u0131f\u0131r At\u0131k Semineri\u2019 d\u00fczenlendi. Fark\u0131ndal\u0131k yaratmak ve \u00e7evre bilincini geli\u015ftirmek amac\u0131yla d\u00fczenlenen seminerde, iklim de\u011fi\u015fikli\u011fi ve s\u0131f\u0131r at\u0131k y\u00f6netimi (ambalaj at\u0131klar\u0131, tekstil at\u0131klar\u0131, bitkisel at\u0131k ya\u011flar, at\u0131k piller, elektrikli ve elektronik at\u0131klar) konular\u0131nda \u00f6\u011fretmenlere bilgilendirme yap\u0131ld\u0131.<\/p>\n<p>Kartal Belediyesi Ekolojik Pazar Etkinlik \u00c7ad\u0131r\u0131\u2019nda d\u00fczenlenen seminere, Kartal Belediyesi Ba\u015fkan Yard\u0131mc\u0131s\u0131 Dr. Dilek Kars, \u0130klim De\u011fi\u015fikli\u011fi ve S\u0131f\u0131r At\u0131k M\u00fcd\u00fcr\u00fc Ali Kemal \u00d6zdemir ile \u00e7ok say\u0131da firman\u0131n temsilcisi ile Kartal Belediyesi kre\u015f \u00f6\u011fretmenleri kat\u0131ld\u0131.<\/p>\n<p>Seminerde, farkl\u0131 firmalarda g\u00f6rev alan deneyimli konu\u015fmac\u0131lar, kat\u0131l\u0131mc\u0131lara iklim de\u011fi\u015fikli\u011fi ve s\u0131f\u0131r at\u0131k konular\u0131nda bilgi ve deneyimlerini aktard\u0131. Konu\u015fmac\u0131lar, s\u00fcrd\u00fcr\u00fclebilirlik ve \u00e7evre bilincinin \u00f6nemine vurgu yaparak, bu konuda at\u0131lacak ad\u0131mlar\u0131n i\u015f d\u00fcnyas\u0131nda ve g\u00fcnl\u00fck ya\u015famda nas\u0131l etkili olabilece\u011finin alt\u0131n\u0131 \u00e7izdi. Projenin bilin\u00e7 olu\u015fturmak ad\u0131na \u00f6nemli oldu\u011fu ve de\u011fi\u015fimin fark\u0131ndal\u0131kla ba\u015flad\u0131\u011f\u0131 \u00fczerinde durulurken, Kartal Belediyesi\u2019nin s\u00fcrd\u00fcr\u00fclebilir bir gelecek i\u00e7in her kesimi bilin\u00e7lendirmek ve \u00e7evre dostu al\u0131\u015fkanlar\u0131 te\u015fvik etmek amac\u0131yla y\u00fcr\u00fct\u00fcld\u00fc\u011f\u00fc belirtildi. Kat\u0131l\u0131mc\u0131lar\u0131n interaktif bir \u015fekilde sorular\u0131n\u0131 iletti\u011fi seminerde, \u00e7evre sorunlar\u0131na kar\u015f\u0131 \u00e7\u00f6z\u00fcm odakl\u0131 bir yakla\u015f\u0131m\u0131n benimsenmesinin \u00f6nemine dikkat \u00e7ekildi.<\/p>\n<p><strong>\u201c\u0130klim de\u011fi\u015fikli\u011fi t\u00fcm d\u00fcnyan\u0131n ortak meselesidir.\u201d<\/strong><\/p>\n<p>Seminerde konu\u015fan Kartal Belediyesi Ba\u015fkan Yard\u0131mc\u0131s\u0131 Dr. Dilek Kars, \u201cG\u00fcn\u00fcm\u00fczde kar\u015f\u0131 kar\u015f\u0131ya kald\u0131\u011f\u0131m\u0131z \u00e7evresel sorunlar, hepimizin bilincini zorlamaktad\u0131r. \u0130klim de\u011fi\u015fikli\u011fi ve at\u0131k sorunlar\u0131 sadece bir b\u00f6lge veya \u00fclkenin de\u011fil, t\u00fcm d\u00fcnyan\u0131n ortak meselesidir. Bu nedenle, bu seminerde bir araya gelerek \u00e7\u00f6z\u00fcm yollar\u0131n\u0131 ve gelecek nesillere daha ya\u015fanabilir bir d\u00fcnya b\u0131rakma sorumlulu\u011fumuzu konu\u015fmak \u00f6nemlidir. S\u00fcrd\u00fcr\u00fclebilirlik ve \u00e7evre bilinci, belediyemizin temel prensiplerinden biridir. Bu konuda y\u00fcr\u00fctt\u00fc\u011f\u00fcm\u00fcz projelerle hem Kartal\u2019\u0131n hem de genel anlamda \u00fclkemizin \u00e7evresel kalitesini art\u0131rmay\u0131 hedefliyoruz. Siz de\u011ferli kat\u0131l\u0131mc\u0131lar\u0131n da deste\u011fiyle bu hedeflere ula\u015fmak ad\u0131na daha da g\u00fc\u00e7leniyoruz. Unutmamal\u0131y\u0131z ki, de\u011fi\u015fim fark\u0131ndal\u0131kla ba\u015flar. Bu seminerde edindi\u011fimiz bilgileri g\u00fcnl\u00fck ya\u015fant\u0131n\u0131za entegre ederek \u00e7evre dostu al\u0131\u015fkanl\u0131klar kazanabilir, \u00e7evremizi koruyabilir ve gelecek nesillere temiz bir d\u00fcnya b\u0131rakabiliriz. Sizlerle birlikte daha ye\u015fil ve s\u00fcrd\u00fcr\u00fclebilir bir Kartal i\u00e7in \u00e7al\u0131\u015fmaktan gurur duyuyorum. Bu seminerin \u00e7evre bilinci konusundaki duyarl\u0131l\u0131\u011f\u0131m\u0131z\u0131 art\u0131rarak, birlikte daha g\u00fczel bir gelece\u011fe ad\u0131m atmam\u0131za vesile olmas\u0131n\u0131 diliyorum.\u201d<\/p>\n","protected":false},"excerpt":{"rendered":"<p>Kartal Belediyesi, il\u00e7e genelinde uygulanan \u00e7evre dostu projelerine bir yenisini daha ekledi. Kartal Belediyesi \u0130klim De\u011fi\u015fikli\u011fi ve S\u0131f\u0131r At\u0131k M\u00fcd\u00fcrl\u00fc\u011f\u00fc taraf\u0131ndan, \u2018E\u011fiticinin E\u011fitimi- \u0130klim De\u011fi\u015fikli\u011fi ve S\u0131f\u0131r At\u0131k Semineri\u2019 d\u00fczenlendi. &hellip; <\/p>\n","protected":false},"author":3,"featured_media":19542,"comment_status":"open","ping_status":"open","sticky":false,"template":"","format":"standard","meta":{"footnotes":""},"categories":[3],"tags":[2157,541,2199],"class_list":["post-19540","post","type-post","status-publish","format-standard","has-post-thumbnail","hentry","category-kartal","tag-iklim","tag-manset","tag-seminer"],"_links":{"self":[{"href":"https:\/\/www.haberkartal.tr\/tr-int\/wp-json\/wp\/v2\/posts\/19540","targetHints":{"allow":["GET"]}}],"collection":[{"href":"https:\/\/www.haberkartal.tr\/tr-int\/wp-json\/wp\/v2\/posts"}],"about":[{"href":"https:\/\/www.haberkartal.tr\/tr-int\/wp-json\/wp\/v2\/types\/post"}],"author":[{"embeddable":true,"href":"https:\/\/www.haberkartal.tr\/tr-int\/wp-json\/wp\/v2\/users\/3"}],"replies":[{"embeddable":true,"href":"https:\/\/www.haberkartal.tr\/tr-int\/wp-json\/wp\/v2\/comments?post=19540"}],"version-history":[{"count":2,"href":"https:\/\/www.haberkartal.tr\/tr-int\/wp-json\/wp\/v2\/posts\/19540\/revisions"}],"predecessor-version":[{"id":19544,"href":"https:\/\/www.haberkartal.tr\/tr-int\/wp-json\/wp\/v2\/posts\/19540\/revisions\/19544"}],"wp:featuredmedia":[{"embeddable":true,"href":"https:\/\/www.haberkartal.tr\/tr-int\/wp-json\/wp\/v2\/media\/19542"}],"wp:attachment":[{"href":"https:\/\/www.haberkartal.tr\/tr-int\/wp-json\/wp\/v2\/media?parent=19540"}],"wp:term":[{"taxonomy":"category","embeddable":true,"href":"https:\/\/www.haberkartal.tr\/tr-int\/wp-json\/wp\/v2\/categories?post=19540"},{"taxonomy":"post_tag","embeddable":true,"href":"https:\/\/www.haberkartal.tr\/tr-int\/wp-json\/wp\/v2\/tags?post=19540"}],"curies":[{"name":"wp","href":"https:\/\/api.w.org\/{rel}","templated":true}]}}