{"id":19576,"date":"2024-01-19T22:56:02","date_gmt":"2024-01-19T19:56:02","guid":{"rendered":"https:\/\/www.haberkartal.com\/tr-int\/?p=19576"},"modified":"2024-01-19T22:56:02","modified_gmt":"2024-01-19T19:56:02","slug":"kimer-ekipleri-kartallilarin-sorunlarini-dinledi","status":"publish","type":"post","link":"https:\/\/www.haberkartal.tr\/tr-int\/kartal\/kimer-ekipleri-kartallilarin-sorunlarini-dinledi\/19576\/","title":{"rendered":"K\u0130MER ekipleri Kartall\u0131lar\u0131n sorunlar\u0131n\u0131 dinledi"},"content":{"rendered":"<p>Kartal Belediyesi\u2019nin etkin birimlerinden biri olan Kom\u015fu \u0130leti\u015fim Merkezi (K\u0130MER) Saha \u00c7\u00f6z\u00fcm Ekibi, vatanda\u015flar\u0131n sorunlar\u0131n\u0131 k\u0131sa s\u00fcrede \u00e7\u00f6z\u00fcme ula\u015ft\u0131rabilmek i\u00e7in yo\u011fun mesaisine aral\u0131ks\u0131z devam ediyor.<\/p>\n<p>Vatanda\u015flarla y\u00fcz y\u00fcze ileti\u015fim kurarak s\u0131cak temaslarda bulunan ekipler, bu kez de Kartal Oto Sanayi esnaf\u0131n\u0131 tek tek ziyaret ederek talep, istek ve sorunlar\u0131n\u0131 dinledi, her birini ilgili birimlere iletmek \u00fczere not etti.<\/p>\n<p>Saha ekiplerine, Kartal Belediye Ba\u015fkan\u0131 G\u00f6khan Y\u00fcksel\u2019i temsilen; Kartal Belediyesi Ba\u015fkan Yard\u0131mc\u0131s\u0131 Olcay \u00d6zg\u00f6n ve Ba\u015fkan Dan\u0131\u015fman\u0131 Y\u00fcksel \u00c7ift\u00e7i e\u015flik etti.<\/p>\n<p>Kartal Belediyesi Ba\u015fkan Yard\u0131mc\u0131s\u0131 Olcay \u00d6zg\u00f6n, \u201cSaha \u00c7\u00f6z\u00fcm Ekibi ile birlikte, \u00e7al\u0131nmad\u0131k kap\u0131 b\u0131rakmamak, sorunlar\u0131 yerinde tespit edip \u00e7\u00f6z\u00fcm \u00fcretebilmek i\u00e7in gayret g\u00f6steriyoruz\u201d diyerek \u015funlar\u0131 kaydetti:<\/p>\n<p>\u201cKom\u015fular\u0131m\u0131z\u0131n g\u00fcnl\u00fck ya\u015fant\u0131n\u0131zda kar\u015f\u0131la\u015ft\u0131\u011f\u0131n\u0131z zorluklar\u0131 anlamak ve birlikte \u00e7\u00f6z\u00fcm bulmak amac\u0131yla buraday\u0131z. Esnaf\u0131m\u0131z\u0131n belediyemize ve il\u00e7emize dair dilek, \u00f6neri ve sorunlar\u0131n\u0131 tek tek not al\u0131yoruz. Bu bilgiler, il\u00e7emizi daha ya\u015fanabilir ve huzurlu k\u0131lmak ad\u0131na \u00f6nemli bir yere sahip.<\/p>\n<p>Kartal Belediyesi olarak, halk\u0131m\u0131z\u0131n sesine kulak vermek ve onlar\u0131n ya\u015fam kalitesini art\u0131rmak i\u00e7in Say\u0131n Ba\u015fkan\u0131m\u0131z G\u00f6khan Y\u00fcksel\u2019in \u00f6nc\u00fcl\u00fc\u011f\u00fcnde \u00e7aba sarf etmeye devam edece\u011fiz.<\/p>\n<p>Esnaf ziyaretlerimiz, il\u00e7emizin daha iyi bir gelece\u011fe ad\u0131m atmas\u0131 bak\u0131m\u0131ndan k\u0131ymetli birer ad\u0131m. Sizlerin katk\u0131lar\u0131, bu s\u00fcrecin daha etkili ve verimli ge\u00e7mesine olanak sa\u011fl\u0131yor. Kom\u015fular\u0131m\u0131zla birlikte daha g\u00fczel g\u00fcnler i\u00e7in \u00e7al\u0131\u015fmaya devam edece\u011fiz.\u201d<\/p>\n","protected":false},"excerpt":{"rendered":"<p>Kartal Belediyesi\u2019ne ba\u011fl\u0131 K\u0130MER ekipleri, vatanda\u015flar\u0131n sorunlar\u0131n\u0131 dinledi.<\/p>\n","protected":false},"author":4,"featured_media":19577,"comment_status":"closed","ping_status":"open","sticky":false,"template":"","format":"standard","meta":{"footnotes":""},"categories":[3],"tags":[71,368],"class_list":["post-19576","post","type-post","status-publish","format-standard","has-post-thumbnail","hentry","category-kartal","tag-kartal-belediyesi","tag-kimer"],"_links":{"self":[{"href":"https:\/\/www.haberkartal.tr\/tr-int\/wp-json\/wp\/v2\/posts\/19576","targetHints":{"allow":["GET"]}}],"collection":[{"href":"https:\/\/www.haberkartal.tr\/tr-int\/wp-json\/wp\/v2\/posts"}],"about":[{"href":"https:\/\/www.haberkartal.tr\/tr-int\/wp-json\/wp\/v2\/types\/post"}],"author":[{"embeddable":true,"href":"https:\/\/www.haberkartal.tr\/tr-int\/wp-json\/wp\/v2\/users\/4"}],"replies":[{"embeddable":true,"href":"https:\/\/www.haberkartal.tr\/tr-int\/wp-json\/wp\/v2\/comments?post=19576"}],"version-history":[{"count":1,"href":"https:\/\/www.haberkartal.tr\/tr-int\/wp-json\/wp\/v2\/posts\/19576\/revisions"}],"predecessor-version":[{"id":19578,"href":"https:\/\/www.haberkartal.tr\/tr-int\/wp-json\/wp\/v2\/posts\/19576\/revisions\/19578"}],"wp:featuredmedia":[{"embeddable":true,"href":"https:\/\/www.haberkartal.tr\/tr-int\/wp-json\/wp\/v2\/media\/19577"}],"wp:attachment":[{"href":"https:\/\/www.haberkartal.tr\/tr-int\/wp-json\/wp\/v2\/media?parent=19576"}],"wp:term":[{"taxonomy":"category","embeddable":true,"href":"https:\/\/www.haberkartal.tr\/tr-int\/wp-json\/wp\/v2\/categories?post=19576"},{"taxonomy":"post_tag","embeddable":true,"href":"https:\/\/www.haberkartal.tr\/tr-int\/wp-json\/wp\/v2\/tags?post=19576"}],"curies":[{"name":"wp","href":"https:\/\/api.w.org\/{rel}","templated":true}]}}