{"id":19680,"date":"2024-04-15T13:11:30","date_gmt":"2024-04-15T10:11:30","guid":{"rendered":"https:\/\/www.haberkartal.com\/tr-int\/?p=19680"},"modified":"2024-04-15T13:11:30","modified_gmt":"2024-04-15T10:11:30","slug":"baskan-yuksel-iyi-isler-yapmayi-surdurecegiz","status":"publish","type":"post","link":"https:\/\/www.haberkartal.tr\/tr-int\/kartal\/baskan-yuksel-iyi-isler-yapmayi-surdurecegiz\/19680\/","title":{"rendered":"Ba\u015fkan Y\u00fcksel: \u0130yi i\u015fler yapmay\u0131 s\u00fcrd\u00fcrece\u011fiz"},"content":{"rendered":"<p>Kartal Belediye Ba\u015fkan\u0131 G\u00f6khan Y\u00fcksel, \u0130stanbul&#8217;da belediye ba\u015fkanlar\u0131n\u0131n kat\u0131ld\u0131\u011f\u0131 grup toplant\u0131s\u0131na kat\u0131ld\u0131.<\/p>\n<p>Ba\u015fkan Y\u00fcksel, kat\u0131ld\u0131\u011f\u0131 toplant\u0131n\u0131n ard\u0131ndan sosyal medya hesab\u0131 \u00fczerinden payla\u015f\u0131mda bulundu.<\/p>\n<p>Y\u00fcksel payla\u015f\u0131m\u0131nda \u015fu ifadelere yer verdi:<\/p>\n<p>&#8220;CHP \u0130stanbul \u0130l Ba\u015fkan\u0131m\u0131z \u00d6zg\u00fcr \u00c7elik, \u0130stanbul B\u00fcy\u00fck\u015fehir Belediye Ba\u015fkan\u0131m\u0131z Ekrem \u0130mamo\u011flu, \u0130l\u00e7e Belediye Ba\u015fkanlar\u0131m\u0131z ve \u0130BB Meclis \u00dcyelerimiz ile yeni d\u00f6nemin ilk grup toplant\u0131s\u0131n\u0131 ger\u00e7ekle\u015ftirdik.<\/p>\n<p>Yeni d\u00f6nemde Kartal ve \u0130stanbul\u2019da \u00e7ok \u00e7al\u0131\u015f\u0131p, iyi i\u015fler yapmaya devam edece\u011fiz.&#8221;<\/p>\n","protected":false},"excerpt":{"rendered":"<p>Kartal Belediye Ba\u015fkan\u0131 G\u00f6khan Y\u00fcksel, &#8220;Yeni d\u00f6nemde Kartal&#8217;da ve \u0130stanbul&#8217;da iyi i\u015fler yapmaya devam edece\u011fiz&#8221; dedi.<\/p>\n","protected":false},"author":4,"featured_media":19306,"comment_status":"closed","ping_status":"open","sticky":false,"template":"","format":"standard","meta":{"footnotes":""},"categories":[3],"tags":[72,90,71],"class_list":["post-19680","post","type-post","status-publish","format-standard","has-post-thumbnail","hentry","category-kartal","tag-gokhan-yuksel","tag-kartal","tag-kartal-belediyesi"],"_links":{"self":[{"href":"https:\/\/www.haberkartal.tr\/tr-int\/wp-json\/wp\/v2\/posts\/19680","targetHints":{"allow":["GET"]}}],"collection":[{"href":"https:\/\/www.haberkartal.tr\/tr-int\/wp-json\/wp\/v2\/posts"}],"about":[{"href":"https:\/\/www.haberkartal.tr\/tr-int\/wp-json\/wp\/v2\/types\/post"}],"author":[{"embeddable":true,"href":"https:\/\/www.haberkartal.tr\/tr-int\/wp-json\/wp\/v2\/users\/4"}],"replies":[{"embeddable":true,"href":"https:\/\/www.haberkartal.tr\/tr-int\/wp-json\/wp\/v2\/comments?post=19680"}],"version-history":[{"count":1,"href":"https:\/\/www.haberkartal.tr\/tr-int\/wp-json\/wp\/v2\/posts\/19680\/revisions"}],"predecessor-version":[{"id":19681,"href":"https:\/\/www.haberkartal.tr\/tr-int\/wp-json\/wp\/v2\/posts\/19680\/revisions\/19681"}],"wp:featuredmedia":[{"embeddable":true,"href":"https:\/\/www.haberkartal.tr\/tr-int\/wp-json\/wp\/v2\/media\/19306"}],"wp:attachment":[{"href":"https:\/\/www.haberkartal.tr\/tr-int\/wp-json\/wp\/v2\/media?parent=19680"}],"wp:term":[{"taxonomy":"category","embeddable":true,"href":"https:\/\/www.haberkartal.tr\/tr-int\/wp-json\/wp\/v2\/categories?post=19680"},{"taxonomy":"post_tag","embeddable":true,"href":"https:\/\/www.haberkartal.tr\/tr-int\/wp-json\/wp\/v2\/tags?post=19680"}],"curies":[{"name":"wp","href":"https:\/\/api.w.org\/{rel}","templated":true}]}}