{"id":1971,"date":"2021-05-16T13:26:02","date_gmt":"2021-05-16T10:26:02","guid":{"rendered":"https:\/\/haberkartal.com\/?p=1971"},"modified":"2021-05-16T13:26:02","modified_gmt":"2021-05-16T10:26:02","slug":"maltepe-belediye-baskani-ali-kilic-esnafin-yaninda","status":"publish","type":"post","link":"https:\/\/www.haberkartal.tr\/tr-int\/maltepe\/maltepe-belediye-baskani-ali-kilic-esnafin-yaninda\/1971\/","title":{"rendered":"Maltepe Belediye Ba\u015fkan\u0131 Ali K\u0131l\u0131\u00e7, esnaf\u0131n yan\u0131nda"},"content":{"rendered":"<p>Ba\u015fkan Ali K\u0131l\u0131\u00e7, sabah\u0131n erken saatinde ger\u00e7ekle\u015ftirdi\u011fi ziyarette esnaf\u0131n zor bir d\u00f6nemden ge\u00e7ti\u011fini vurgulad\u0131. K\u0131l\u0131\u00e7, ziyareti sosyal medya hesab\u0131ndan da payla\u015ft\u0131. <\/p>\n<p>Mutlu g\u00fcnler Maltepe! Ba\u015fl\u0131\u011f\u0131yla yap\u0131lan payla\u015f\u0131mda; \u201c17 g\u00fcnl\u00fck tam kapanma tedbirlerinin son g\u00fcn\u00fcndeyiz. Maltepeli esnaf karde\u015flerimizle beraberiz. A\u00e7\u0131k da olsa kapal\u0131 da olsa esnaf\u0131m\u0131z ekonomik anlamda \u00e7ok zor bir d\u00f6nem ge\u00e7iriyor. Hep birlikte bu zor g\u00fcnleri bir an \u00f6nce atlatmay\u0131 umut ediyoruz.\u201d Dedi.<\/p>\n","protected":false},"excerpt":{"rendered":"<p>Maltepe Belediye Ba\u015fkan\u0131 Ali K\u0131l\u0131\u00e7, yar\u0131n (17 May\u0131s) son bulacak tam kapanma \u00f6ncesinde esnaf ziyareti ger\u00e7ekle\u015ftirdi.<\/p>\n","protected":false},"author":2,"featured_media":1973,"comment_status":"open","ping_status":"open","sticky":false,"template":"","format":"standard","meta":{"footnotes":""},"categories":[5],"tags":[75,483,217,541,536],"class_list":["post-1971","post","type-post","status-publish","format-standard","has-post-thumbnail","hentry","category-maltepe","tag-ali-kilic","tag-esnaf","tag-maltepe","tag-manset","tag-tam-kapanma"],"_links":{"self":[{"href":"https:\/\/www.haberkartal.tr\/tr-int\/wp-json\/wp\/v2\/posts\/1971","targetHints":{"allow":["GET"]}}],"collection":[{"href":"https:\/\/www.haberkartal.tr\/tr-int\/wp-json\/wp\/v2\/posts"}],"about":[{"href":"https:\/\/www.haberkartal.tr\/tr-int\/wp-json\/wp\/v2\/types\/post"}],"author":[{"embeddable":true,"href":"https:\/\/www.haberkartal.tr\/tr-int\/wp-json\/wp\/v2\/users\/2"}],"replies":[{"embeddable":true,"href":"https:\/\/www.haberkartal.tr\/tr-int\/wp-json\/wp\/v2\/comments?post=1971"}],"version-history":[{"count":0,"href":"https:\/\/www.haberkartal.tr\/tr-int\/wp-json\/wp\/v2\/posts\/1971\/revisions"}],"wp:featuredmedia":[{"embeddable":true,"href":"https:\/\/www.haberkartal.tr\/tr-int\/wp-json\/wp\/v2\/media\/1973"}],"wp:attachment":[{"href":"https:\/\/www.haberkartal.tr\/tr-int\/wp-json\/wp\/v2\/media?parent=1971"}],"wp:term":[{"taxonomy":"category","embeddable":true,"href":"https:\/\/www.haberkartal.tr\/tr-int\/wp-json\/wp\/v2\/categories?post=1971"},{"taxonomy":"post_tag","embeddable":true,"href":"https:\/\/www.haberkartal.tr\/tr-int\/wp-json\/wp\/v2\/tags?post=1971"}],"curies":[{"name":"wp","href":"https:\/\/api.w.org\/{rel}","templated":true}]}}