{"id":19747,"date":"2024-05-20T16:53:52","date_gmt":"2024-05-20T13:53:52","guid":{"rendered":"https:\/\/www.haberkartal.com\/tr-int\/?p=19747"},"modified":"2024-05-20T16:53:52","modified_gmt":"2024-05-20T13:53:52","slug":"kartalda-19-mayis-coskuyla-kutlandi","status":"publish","type":"post","link":"https:\/\/www.haberkartal.tr\/tr-int\/kartal\/kartalda-19-mayis-coskuyla-kutlandi\/19747\/","title":{"rendered":"Kartal&#8217;da 19 May\u0131s co\u015fkuyla kutland\u0131"},"content":{"rendered":"<p>\u0130stanbul&#8217;un Kartal il\u00e7esinde 19 May\u0131s Atat\u00fcrk&#8217;\u00fc Anma, Gen\u00e7lik ve Spor Bayram\u0131 g\u00fcn boyu yap\u0131lan \u00e7e\u015fitli etkinliklerle kutland\u0131.<\/p>\n<p>Yap\u0131lan kutlamalar ile ilgili Kartal Belediyesi&#8217;nden a\u00e7\u0131klama payla\u015f\u0131ld\u0131.<\/p>\n<p>A\u00e7\u0131klamada \u015fu ifadeler yer ald\u0131:<\/p>\n<p>&#8220;Kartal Belediyesi, Ulu \u00d6nder Mustafa Kemal Atat\u00fcrk\u2019\u00fcn Samsun\u2019a \u00e7\u0131k\u0131\u015f\u0131n\u0131n 105\u2019inci y\u0131l\u0131nda, 19 May\u0131s Atat\u00fcrk\u2019\u00fc Anma, Gen\u00e7lik ve Spor Bayram\u0131 dolay\u0131s\u0131yla uzun y\u0131llar unutulmayacak bir kutlamaya ev sahipli\u011fi yapt\u0131. <\/p>\n<p>Kutlamalarda, binlerce Kartall\u0131 her y\u0131l oldu\u011fu gibi kortej y\u00fcr\u00fcy\u00fc\u015f\u00fcyle 19 May\u0131s co\u015fkusunu doyas\u0131ya ya\u015fad\u0131. <\/p>\n<p>Kartal\u2019da 19 May\u0131s kutlamalar\u0131 \u00fcnl\u00fc sanat\u00e7\u0131 Derya Ulu\u011f\u2019un sahne ald\u0131\u011f\u0131 konser ile doru\u011fa \u00e7\u0131kt\u0131.<\/p>\n<p>19 May\u0131s kutlamalar\u0131 kapsam\u0131nda g\u00fcn\u00fcn ilk etkinli\u011finde, Atalar Spor Kompleksi\u2019nde Ayak Tenisi Turnuvas\u0131, Karl\u0131ktepe 19 May\u0131s Spor Park\u0131\u2019nda ise 3&#215;3 Basketbol Turnuvas\u0131 ile Tenis Turnuvas\u0131 ger\u00e7ekle\u015ftirildi.<\/p>\n<p>Kartal Belediyesi Spor \u0130\u015fleri M\u00fcd\u00fcrl\u00fc\u011f\u00fc\u2019n\u00fcn d\u00fczenledi\u011fi etkinlikler kapsam\u0131nda, basketbol sahas\u0131nda erkekler 3&#215;3 ma\u00e7lar\u0131n\u0131 ger\u00e7ekle\u015ftirirken, tenis kortunda da 4 erkek 4 k\u0131z olmak \u00fczere 8 sporcu tenis ma\u00e7\u0131 yapt\u0131. <\/p>\n<p>Kartal Belediyesi\u2019ne ba\u011fl\u0131 Dragos Su Sporlar\u0131 Merkezi\u2019nde de 19 May\u0131s kutlamalar\u0131 t\u00fcm h\u0131z\u0131yla devam etti. Kutlamalar kapsam\u0131nda \u00f6nce Gedik \u00dcniversitesi \u00f6\u011frencileri, \u00d6\u011fretim \u00fcyesi G\u00fcven\u00e7 Sorarl\u0131 ile birlikte haz\u0131rl\u0131klar\u0131n\u0131 tamamlayarak 19 May\u0131s Atat\u00fcrk\u2019\u00fc Anma Gen\u00e7lik ve Spor Bayram\u0131 onuruna bir dal\u0131\u015f ger\u00e7ekle\u015ftirdi. <\/p>\n<p>7 dalg\u0131c\u0131n haz\u0131rlanarak iskeleden ger\u00e7ekle\u015ftirdi\u011fi dal\u0131\u015fta Ulu \u00d6nder Atat\u00fcrk\u2019\u00fcn bir foto\u011fraf\u0131 denizin derinliklerinde a\u00e7\u0131larak y\u00fczeye \u00e7\u0131kart\u0131ld\u0131.&#8221;<\/p>\n","protected":false},"excerpt":{"rendered":"<p>\u0130stanbul&#8217;un Kartal il\u00e7esinde 19 May\u0131s Atat\u00fcrk&#8217;\u00fc Anma, Gen\u00e7lik ve Spor Bayram\u0131 \u00e7e\u015fitli etkinliklerle kutland\u0131.<\/p>\n","protected":false},"author":4,"featured_media":19748,"comment_status":"closed","ping_status":"open","sticky":false,"template":"","format":"standard","meta":{"footnotes":""},"categories":[3],"tags":[90,71],"class_list":["post-19747","post","type-post","status-publish","format-standard","has-post-thumbnail","hentry","category-kartal","tag-kartal","tag-kartal-belediyesi"],"_links":{"self":[{"href":"https:\/\/www.haberkartal.tr\/tr-int\/wp-json\/wp\/v2\/posts\/19747","targetHints":{"allow":["GET"]}}],"collection":[{"href":"https:\/\/www.haberkartal.tr\/tr-int\/wp-json\/wp\/v2\/posts"}],"about":[{"href":"https:\/\/www.haberkartal.tr\/tr-int\/wp-json\/wp\/v2\/types\/post"}],"author":[{"embeddable":true,"href":"https:\/\/www.haberkartal.tr\/tr-int\/wp-json\/wp\/v2\/users\/4"}],"replies":[{"embeddable":true,"href":"https:\/\/www.haberkartal.tr\/tr-int\/wp-json\/wp\/v2\/comments?post=19747"}],"version-history":[{"count":1,"href":"https:\/\/www.haberkartal.tr\/tr-int\/wp-json\/wp\/v2\/posts\/19747\/revisions"}],"predecessor-version":[{"id":19749,"href":"https:\/\/www.haberkartal.tr\/tr-int\/wp-json\/wp\/v2\/posts\/19747\/revisions\/19749"}],"wp:featuredmedia":[{"embeddable":true,"href":"https:\/\/www.haberkartal.tr\/tr-int\/wp-json\/wp\/v2\/media\/19748"}],"wp:attachment":[{"href":"https:\/\/www.haberkartal.tr\/tr-int\/wp-json\/wp\/v2\/media?parent=19747"}],"wp:term":[{"taxonomy":"category","embeddable":true,"href":"https:\/\/www.haberkartal.tr\/tr-int\/wp-json\/wp\/v2\/categories?post=19747"},{"taxonomy":"post_tag","embeddable":true,"href":"https:\/\/www.haberkartal.tr\/tr-int\/wp-json\/wp\/v2\/tags?post=19747"}],"curies":[{"name":"wp","href":"https:\/\/api.w.org\/{rel}","templated":true}]}}