{"id":19904,"date":"2024-08-23T12:38:02","date_gmt":"2024-08-23T09:38:02","guid":{"rendered":"https:\/\/www.haberkartal.com\/tr-int\/?p=19904"},"modified":"2024-08-23T12:38:02","modified_gmt":"2024-08-23T09:38:02","slug":"baskan-yuksel-sakarya-meydan-muharebesi-zaferini-kutladi","status":"publish","type":"post","link":"https:\/\/www.haberkartal.tr\/tr-int\/kartal\/baskan-yuksel-sakarya-meydan-muharebesi-zaferini-kutladi\/19904\/","title":{"rendered":"Ba\u015fkan Y\u00fcksel, Sakarya Meydan Muharebesi zaferini kutlad\u0131"},"content":{"rendered":"<p>Kartal Belediye Ba\u015fkan\u0131 G\u00f6khan Y\u00fcksel, Sakarya Meydan Muharebesi zaferinin 103. y\u0131l\u0131n\u0131 kutlad\u0131.<\/p>\n<p>Sakarya Meydan Muharebesi zaferinin 103. y\u0131l\u0131 dolay\u0131s\u0131yla mesaj payla\u015fan Kartal Belediye Ba\u015fkan\u0131 Y\u00fcksel \u015fu ifadelere yer verdi:<\/p>\n<p>&#8220;Bir milletin egemenlik ve ba\u011f\u0131ms\u0131zl\u0131\u011fa olan kararl\u0131l\u0131\u011f\u0131, girdi\u011fi her muharebeyi zaferle ta\u00e7land\u0131rm\u0131\u015ft\u0131r.<\/p>\n<p>Sakarya Meydan Muharebesi\u2019nin 103. y\u0131l\u0131nda ba\u015fta Gazi Mustafa Kemal Atat\u00fcrk ve kahraman silah arkada\u015flar\u0131n\u0131 rahmet, minnet ve \u015f\u00fckranla an\u0131yorum.&#8221;<\/p>\n","protected":false},"excerpt":{"rendered":"<p>Kartal Belediye Ba\u015fkan\u0131 G\u00f6khan Y\u00fcksel, Sakarya Meydan Muharebesi&#8217;nin y\u0131ld\u00f6n\u00fcm\u00fc dolay\u0131s\u0131yla mesaj payla\u015ft\u0131.<\/p>\n","protected":false},"author":4,"featured_media":19905,"comment_status":"closed","ping_status":"open","sticky":false,"template":"","format":"standard","meta":{"footnotes":""},"categories":[3],"tags":[72,71],"class_list":["post-19904","post","type-post","status-publish","format-standard","has-post-thumbnail","hentry","category-kartal","tag-gokhan-yuksel","tag-kartal-belediyesi"],"_links":{"self":[{"href":"https:\/\/www.haberkartal.tr\/tr-int\/wp-json\/wp\/v2\/posts\/19904","targetHints":{"allow":["GET"]}}],"collection":[{"href":"https:\/\/www.haberkartal.tr\/tr-int\/wp-json\/wp\/v2\/posts"}],"about":[{"href":"https:\/\/www.haberkartal.tr\/tr-int\/wp-json\/wp\/v2\/types\/post"}],"author":[{"embeddable":true,"href":"https:\/\/www.haberkartal.tr\/tr-int\/wp-json\/wp\/v2\/users\/4"}],"replies":[{"embeddable":true,"href":"https:\/\/www.haberkartal.tr\/tr-int\/wp-json\/wp\/v2\/comments?post=19904"}],"version-history":[{"count":1,"href":"https:\/\/www.haberkartal.tr\/tr-int\/wp-json\/wp\/v2\/posts\/19904\/revisions"}],"predecessor-version":[{"id":19906,"href":"https:\/\/www.haberkartal.tr\/tr-int\/wp-json\/wp\/v2\/posts\/19904\/revisions\/19906"}],"wp:featuredmedia":[{"embeddable":true,"href":"https:\/\/www.haberkartal.tr\/tr-int\/wp-json\/wp\/v2\/media\/19905"}],"wp:attachment":[{"href":"https:\/\/www.haberkartal.tr\/tr-int\/wp-json\/wp\/v2\/media?parent=19904"}],"wp:term":[{"taxonomy":"category","embeddable":true,"href":"https:\/\/www.haberkartal.tr\/tr-int\/wp-json\/wp\/v2\/categories?post=19904"},{"taxonomy":"post_tag","embeddable":true,"href":"https:\/\/www.haberkartal.tr\/tr-int\/wp-json\/wp\/v2\/tags?post=19904"}],"curies":[{"name":"wp","href":"https:\/\/api.w.org\/{rel}","templated":true}]}}