{"id":2807,"date":"2021-06-24T17:00:18","date_gmt":"2021-06-24T14:00:18","guid":{"rendered":"https:\/\/haberkartal.com\/?p=2807"},"modified":"2021-06-24T17:00:18","modified_gmt":"2021-06-24T14:00:18","slug":"kadikoyde-kalamis-icin-yeni-bir-kampanya-baslatildi","status":"publish","type":"post","link":"https:\/\/www.haberkartal.tr\/tr-int\/kadikoy\/kadikoyde-kalamis-icin-yeni-bir-kampanya-baslatildi\/2807\/","title":{"rendered":"Kad\u0131k\u00f6y\u2019de Kalam\u0131\u015f i\u00e7in yeni bir kampanya ba\u015flat\u0131ld\u0131"},"content":{"rendered":"<p>Kad\u0131k\u00f6y Belediyesi\u2019nin \u201c\u00c7\u00fcnk\u00fc Kalam\u0131\u015f\u2019\u0131n Gelece\u011fi Bizimle G\u00fczel\u201d sloganl\u0131yla kampanyas\u0131 hakk\u0131nda ba\u015fkan \u015eerdil Dara Odaba\u015f\u0131 bilgilendirme yapt\u0131.<\/p>\n<p>Resmi Gazete\u2019de yay\u0131nlanan Cumhurba\u015fkanl\u0131\u011f\u0131 Karar\u0131 ile yine Fenerbah\u00e7e Adas\u0131\u2019nda bulunan 3 d\u00f6n\u00fcml\u00fck Kalam\u0131\u015f Yelken Kul\u00fcb\u00fc\u2019n\u00fcn arsas\u0131n\u0131n 31 May\u0131s 2025 tarihine kadar \u00f6zelle\u015ftirilece\u011fi duyuruldu.  Al\u0131nan \u00f6zelle\u015ftirme karar\u0131na sert tepki g\u00f6steren Kad\u0131k\u00f6y Belediye Ba\u015fkan\u0131 \u015eerdil Dara Odaba\u015f\u0131, \u201cKimse buraya \u2018\u00e7\u00f6kmesin\u2019 diye, Kad\u0131k\u00f6y Belediyesi olarak ye\u015fil alan\u0131 korumak \u015fart\u0131yla biz talibiz.\u201d a\u00e7\u0131klamas\u0131nda bulunarak s\u00fcrecin takip\u00e7isi olaca\u011f\u0131n\u0131 duyurmu\u015ftu. <\/p>\n<p>Odaba\u015f\u0131\u2019na siyaset\u00e7iler, belediye ba\u015fkanlar\u0131, gazeteciler, sanat\u00e7\u0131lar, sivil toplum kurulu\u015flar\u0131 ve vatanda\u015flar da hem alanlarda hem de sosyal medya hesaplar\u0131ndan yap\u0131lan payla\u015f\u0131m zinciriyle destekte bulunmu\u015ftu. 7 Haziran tarihli Kad\u0131k\u00f6y Belediye Meclis toplant\u0131s\u0131nda da, ihale teknik \u015fartnamesini almak, bunun i\u00e7in teminat \u00f6demesi yapmak ve ihaleye kat\u0131lmak i\u00e7in Ba\u015fkan Odaba\u015f\u0131\u2019na oy birli\u011fiyle yetki verilmi\u015f ve konuya ili\u015fkin s\u00fcre\u00e7 ba\u015flat\u0131lm\u0131\u015ft\u0131. <\/p>\n<p>Kad\u0131k\u00f6y Belediye Ba\u015fkan\u0131 \u015eerdil Dara Odaba\u015f\u0131, sosyal medya hesaplar\u0131ndan yapt\u0131\u011f\u0131 video payla\u015f\u0131m\u0131yla \u201cKalam\u0131\u015f Sahili Bizimle G\u00fczel\u201d diyerek, bir kampanya ba\u015flatt\u0131klar\u0131n\u0131 duyurdu. Kampanya \u00e7er\u00e7evesinde, a\u00e7\u0131k hava mecralar\u0131nda \u201cKalam\u0131\u015f\u2019\u0131 Betona Teslim Etmiyoruz; \u00c7\u00fcnk\u00fc Kalam\u0131\u015f\u2019\u0131n Gelece\u011fi Bizimle G\u00fczel\u201d slogan\u0131yla sergilenen g\u00f6rsellerle fark\u0131ndal\u0131k olu\u015fturulacak ve kamuoyunun haf\u0131zas\u0131 canl\u0131 tutulacak.<br \/>\nBa\u015fkan Odaba\u015f\u0131 kampanya i\u00e7in Kalam\u0131\u015f Park\u0131\u2019nda yapt\u0131\u011f\u0131 a\u00e7\u0131klamas\u0131nda, Kad\u0131k\u00f6yl\u00fcleri yuvalar\u0131na sahip \u00e7\u0131kmaya davet ederek \u201cBuras\u0131 bizim yuvam\u0131z, buras\u0131 bizim sahilimiz.\u201d dedi. <\/p>\n","protected":false},"excerpt":{"rendered":"<p>Kad\u0131k\u00f6y Belediyesi, Kalam\u0131\u015f Yat Liman\u0131\u2019n\u0131n ard\u0131ndan Kalam\u0131\u015f Yelken Kul\u00fcb\u00fc i\u00e7in de \u00f6zelle\u015ftirme karar\u0131 al\u0131nmas\u0131na kar\u015f\u0131 \u00e7\u0131karak yeni bir kampanya ba\u015flatt\u0131. <\/p>\n","protected":false},"author":2,"featured_media":2808,"comment_status":"open","ping_status":"open","sticky":false,"template":"","format":"standard","meta":{"footnotes":""},"categories":[8],"tags":[689,105,618,181],"class_list":["post-2807","post","type-post","status-publish","format-standard","has-post-thumbnail","hentry","category-kadikoy","tag-fenerbahce","tag-kadikoy","tag-kalamis","tag-serdil-dara-odabasi"],"_links":{"self":[{"href":"https:\/\/www.haberkartal.tr\/tr-int\/wp-json\/wp\/v2\/posts\/2807","targetHints":{"allow":["GET"]}}],"collection":[{"href":"https:\/\/www.haberkartal.tr\/tr-int\/wp-json\/wp\/v2\/posts"}],"about":[{"href":"https:\/\/www.haberkartal.tr\/tr-int\/wp-json\/wp\/v2\/types\/post"}],"author":[{"embeddable":true,"href":"https:\/\/www.haberkartal.tr\/tr-int\/wp-json\/wp\/v2\/users\/2"}],"replies":[{"embeddable":true,"href":"https:\/\/www.haberkartal.tr\/tr-int\/wp-json\/wp\/v2\/comments?post=2807"}],"version-history":[{"count":1,"href":"https:\/\/www.haberkartal.tr\/tr-int\/wp-json\/wp\/v2\/posts\/2807\/revisions"}],"predecessor-version":[{"id":2809,"href":"https:\/\/www.haberkartal.tr\/tr-int\/wp-json\/wp\/v2\/posts\/2807\/revisions\/2809"}],"wp:featuredmedia":[{"embeddable":true,"href":"https:\/\/www.haberkartal.tr\/tr-int\/wp-json\/wp\/v2\/media\/2808"}],"wp:attachment":[{"href":"https:\/\/www.haberkartal.tr\/tr-int\/wp-json\/wp\/v2\/media?parent=2807"}],"wp:term":[{"taxonomy":"category","embeddable":true,"href":"https:\/\/www.haberkartal.tr\/tr-int\/wp-json\/wp\/v2\/categories?post=2807"},{"taxonomy":"post_tag","embeddable":true,"href":"https:\/\/www.haberkartal.tr\/tr-int\/wp-json\/wp\/v2\/tags?post=2807"}],"curies":[{"name":"wp","href":"https:\/\/api.w.org\/{rel}","templated":true}]}}