{"id":2853,"date":"2021-06-28T12:23:40","date_gmt":"2021-06-28T09:23:40","guid":{"rendered":"https:\/\/haberkartal.com\/?p=2853"},"modified":"2021-06-28T12:23:40","modified_gmt":"2021-06-28T09:23:40","slug":"tuzla-zabitasi-isi-siki-tutuyor","status":"publish","type":"post","link":"https:\/\/www.haberkartal.tr\/tr-int\/tuzla\/tuzla-zabitasi-isi-siki-tutuyor\/2853\/","title":{"rendered":"Tuzla Zab\u0131tas\u0131 i\u015fi s\u0131k\u0131 tutuyor"},"content":{"rendered":"<p>Tuzla Belediyesi\u2019ne ba\u011fl\u0131 zab\u0131ta ekimleri semt pazarlar\u0131n\u0131 gezerek denetimler ger\u00e7ekle\u015ftiriyor. Zab\u0131ta ekipleri, semt pazarlar kurulmadan \u00f6nce pazar esnaf\u0131na HES kodu kontrol\u00fc yaparken, g\u00fcn i\u00e7erisinde vatanda\u015flar\u0131n tezg\u00e2h \u00f6nlerinde kalabal\u0131k olu\u015fturmamas\u0131 i\u00e7in \u00e7al\u0131\u015fmalar yap\u0131yor. Ayr\u0131ca fahi\u015f fiyatlar\u0131n\u0131n \u00f6n\u00fcne ge\u00e7mek i\u00e7in etiket kontrol\u00fc de yap\u0131yor. <\/p>\n<p>Tuzla Belediyesi Zab\u0131ta Memuru Mustafa Karaaslano\u011flu, Belediye Ba\u015fkan\u0131 Dr. \u015eadi Yaz\u0131c\u0131\u2019n\u0131n \u00f6zellikle halk sa\u011fl\u0131\u011f\u0131 ve denetimler konusunda \u00e7ok hassas oldu\u011funu belirterek, \u201cSemt pazarlar\u0131nda pandemi ba\u015flad\u0131\u011f\u0131ndan beri ekstra yo\u011funluk ile denetimlerimize aral\u0131ks\u0131z devam ediyoruz. Hijyen, maske, mesafe ve genel kontrollerimiz devam ediyor. Bunun haricinde pazar\u0131n genel kontrolleri var. Etiket, d\u00fczen, sabah kurulmas\u0131, ak\u015fam toplanmas\u0131 gibi konulara ekstra dikkat ediyoruz. Pazar giri\u015flerinde dezenfektan stantlar\u0131 mevcut. Vatanda\u015flar\u0131m\u0131z rahatl\u0131kla kullanabiliyor\u201d dedi.<\/p>\n","protected":false},"excerpt":{"rendered":"<p>Yeni normalle\u015fme ad\u0131mlar\u0131n\u0131n at\u0131ld\u0131\u011f\u0131 bu g\u00fcnlerde Tuzla zab\u0131tas\u0131 tedbiri elden b\u0131rakm\u0131yor.<\/p>\n","protected":false},"author":2,"featured_media":2854,"comment_status":"open","ping_status":"open","sticky":false,"template":"","format":"standard","meta":{"footnotes":""},"categories":[6],"tags":[211,541,791,128,138],"class_list":["post-2853","post","type-post","status-publish","format-standard","has-post-thumbnail","hentry","category-tuzla","tag-denetim","tag-manset","tag-mustafa-karaaslanoglu","tag-tuzla","tag-zabita"],"_links":{"self":[{"href":"https:\/\/www.haberkartal.tr\/tr-int\/wp-json\/wp\/v2\/posts\/2853","targetHints":{"allow":["GET"]}}],"collection":[{"href":"https:\/\/www.haberkartal.tr\/tr-int\/wp-json\/wp\/v2\/posts"}],"about":[{"href":"https:\/\/www.haberkartal.tr\/tr-int\/wp-json\/wp\/v2\/types\/post"}],"author":[{"embeddable":true,"href":"https:\/\/www.haberkartal.tr\/tr-int\/wp-json\/wp\/v2\/users\/2"}],"replies":[{"embeddable":true,"href":"https:\/\/www.haberkartal.tr\/tr-int\/wp-json\/wp\/v2\/comments?post=2853"}],"version-history":[{"count":1,"href":"https:\/\/www.haberkartal.tr\/tr-int\/wp-json\/wp\/v2\/posts\/2853\/revisions"}],"predecessor-version":[{"id":2856,"href":"https:\/\/www.haberkartal.tr\/tr-int\/wp-json\/wp\/v2\/posts\/2853\/revisions\/2856"}],"wp:featuredmedia":[{"embeddable":true,"href":"https:\/\/www.haberkartal.tr\/tr-int\/wp-json\/wp\/v2\/media\/2854"}],"wp:attachment":[{"href":"https:\/\/www.haberkartal.tr\/tr-int\/wp-json\/wp\/v2\/media?parent=2853"}],"wp:term":[{"taxonomy":"category","embeddable":true,"href":"https:\/\/www.haberkartal.tr\/tr-int\/wp-json\/wp\/v2\/categories?post=2853"},{"taxonomy":"post_tag","embeddable":true,"href":"https:\/\/www.haberkartal.tr\/tr-int\/wp-json\/wp\/v2\/tags?post=2853"}],"curies":[{"name":"wp","href":"https:\/\/api.w.org\/{rel}","templated":true}]}}