{"id":3399,"date":"2021-08-12T11:51:50","date_gmt":"2021-08-12T08:51:50","guid":{"rendered":"https:\/\/haberkartal.com\/?p=3399"},"modified":"2021-08-12T11:51:50","modified_gmt":"2021-08-12T08:51:50","slug":"motosiklet-tutkunlari-bir-araya-geldi","status":"publish","type":"post","link":"https:\/\/www.haberkartal.tr\/tr-int\/maltepe\/motosiklet-tutkunlari-bir-araya-geldi\/3399\/","title":{"rendered":"Motosiklet tutkunlar\u0131 bir araya geldi"},"content":{"rendered":"<p>Prof. Dr. T\u00fcrkan Saylan K\u00fclt\u00fcr Merkezi\u2019nde d\u00fczenlenen etkinli\u011fe yakla\u015f\u0131k 1500 ki\u015fi kat\u0131ld\u0131. Maltepe Belediyesi K\u00fct\u00fcphane M\u00fcd\u00fcrl\u00fc\u011f\u00fc ev sahipli\u011finde d\u00fczenlenen etkinlikte s\u00fcr\u00fcc\u00fclerin g\u00fcvenli s\u00fcr\u00fc\u015f davran\u0131\u015flar\u0131n\u0131 geli\u015ftirmeleri konusunda katk\u0131da bulunuldu. E\u011fitmen Zafer Ak\u00e7ay y\u00f6netiminde d\u00fczenlenen etkinlikte s\u00fcr\u00fcc\u00fclerin trafikte do\u011fru bir planlama ile risk almadan s\u00fcr\u00fc\u015flerini ger\u00e7ekle\u015ftirmelerinin \u00f6nemine dikkat \u00e7ekerek kat\u0131l\u0131mc\u0131lara motosiklet y\u00f6netim sistemini ve amac\u0131n\u0131, s\u00fcr\u00fc\u015f\u00fcn unsurlar\u0131n\u0131 anlatt\u0131. <\/p>\n<p>S\u00fcr\u00fc\u015f s\u0131ras\u0131nda tehlike olu\u015fturan b\u00fct\u00fcn fakt\u00f6rlerin giderilmesinin kaza risklerini en a\u015fa\u011f\u0131 seviyeye indirece\u011fine vurgu yapan Ak\u00e7ay, \u201c\u0130leri seviye g\u00f6r\u00fc\u015f\u201d, \u201cHedefe kilitlenme\u201d, \u201cFiltreleme\u201d, \u201cG\u00f6zlem ve \u00f6ng\u00f6r\u00fc\u201d, \u201cKonumlanma\u201d, \u201cViraj\u0131 alman\u0131n ilkeleri\u201d, \u201cFrenleme\u201d konu ba\u015fl\u0131klar\u0131ndaki bilgilerini payla\u015ft\u0131.<\/p>\n","protected":false},"excerpt":{"rendered":"<p>Motosiklet tutkunlar\u0131 Maltepe Belediyesi\u2019nin d\u00fczenledi\u011fi \u2018Motosiklet s\u00fcr\u00fc\u015f teorisi\u2019 etkinli\u011finde bir araya geldi.<\/p>\n","protected":false},"author":2,"featured_media":3400,"comment_status":"open","ping_status":"open","sticky":false,"template":"","format":"standard","meta":{"footnotes":""},"categories":[5],"tags":[75,217,898,889],"class_list":["post-3399","post","type-post","status-publish","format-standard","has-post-thumbnail","hentry","category-maltepe","tag-ali-kilic","tag-maltepe","tag-motorsiklet","tag-turkan-saylan"],"_links":{"self":[{"href":"https:\/\/www.haberkartal.tr\/tr-int\/wp-json\/wp\/v2\/posts\/3399","targetHints":{"allow":["GET"]}}],"collection":[{"href":"https:\/\/www.haberkartal.tr\/tr-int\/wp-json\/wp\/v2\/posts"}],"about":[{"href":"https:\/\/www.haberkartal.tr\/tr-int\/wp-json\/wp\/v2\/types\/post"}],"author":[{"embeddable":true,"href":"https:\/\/www.haberkartal.tr\/tr-int\/wp-json\/wp\/v2\/users\/2"}],"replies":[{"embeddable":true,"href":"https:\/\/www.haberkartal.tr\/tr-int\/wp-json\/wp\/v2\/comments?post=3399"}],"version-history":[{"count":1,"href":"https:\/\/www.haberkartal.tr\/tr-int\/wp-json\/wp\/v2\/posts\/3399\/revisions"}],"predecessor-version":[{"id":3401,"href":"https:\/\/www.haberkartal.tr\/tr-int\/wp-json\/wp\/v2\/posts\/3399\/revisions\/3401"}],"wp:featuredmedia":[{"embeddable":true,"href":"https:\/\/www.haberkartal.tr\/tr-int\/wp-json\/wp\/v2\/media\/3400"}],"wp:attachment":[{"href":"https:\/\/www.haberkartal.tr\/tr-int\/wp-json\/wp\/v2\/media?parent=3399"}],"wp:term":[{"taxonomy":"category","embeddable":true,"href":"https:\/\/www.haberkartal.tr\/tr-int\/wp-json\/wp\/v2\/categories?post=3399"},{"taxonomy":"post_tag","embeddable":true,"href":"https:\/\/www.haberkartal.tr\/tr-int\/wp-json\/wp\/v2\/tags?post=3399"}],"curies":[{"name":"wp","href":"https:\/\/api.w.org\/{rel}","templated":true}]}}