{"id":340,"date":"2021-02-16T18:45:43","date_gmt":"2021-02-16T15:45:43","guid":{"rendered":"https:\/\/haberkartal.com\/?p=340"},"modified":"2021-02-16T18:14:53","modified_gmt":"2021-02-16T15:14:53","slug":"24-saat-araliksiz-karla-mucadele","status":"publish","type":"post","link":"https:\/\/www.haberkartal.tr\/tr-int\/pendik\/24-saat-araliksiz-karla-mucadele\/340\/","title":{"rendered":"24 saat aral\u0131ks\u0131z karla m\u00fccadele"},"content":{"rendered":"<p> Pendik Belediyesi ekipleri yo\u011fun kar ya\u011f\u0131\u015f\u0131n\u0131n g\u00fcnl\u00fck ya\u015fam\u0131 olumsuz etkilememesi i\u00e7in 24 saat boyunca \u00e7al\u0131\u015fmalar\u0131n\u0131 aral\u0131ks\u0131z s\u00fcrd\u00fcr\u00fcyor. \u00c7al\u0131\u015fmalarda 178 personel, 7 kar k\u00fcreme arac\u0131, 2 greyder ve 15 kaz\u0131c\u0131 ara\u00e7 g\u00f6rev al\u0131yor. Ekipler, k\u00fcreme \u00e7al\u0131\u015fmalar\u0131n\u0131n yan\u0131 s\u0131ra kald\u0131r\u0131m ve yollarda tuzlama \u00e7al\u0131\u015fmalar\u0131 yap\u0131yor. Ula\u015f\u0131mda vatanda\u015flar\u0131n zorluk ya\u015famamas\u0131 amac\u0131yla cami, sa\u011fl\u0131k kurulu\u015fu ve duraklara \u00f6ncelik veriliyor. Yetkililer kar ya\u011f\u0131\u015f\u0131 ve buzlanma nedeniyle olu\u015fabilecek olumsuzluklara kar\u015f\u0131 vatanda\u015flar\u0131n4448180 numaral\u0131 \u00e7a\u011fr\u0131 merkezine ula\u015farak durumu aktarabileceklerini kaydetti.<\/p>\n","protected":false},"excerpt":{"rendered":"<p>Pendik Belediyesi ekipleri yo\u011fun kar ya\u011f\u0131\u015f\u0131n\u0131n g\u00fcnl\u00fck ya\u015fam\u0131 olumsuz etkilememesi i\u00e7in 24 saat boyunca \u00e7al\u0131\u015fmalar\u0131n\u0131 aral\u0131ks\u0131z s\u00fcrd\u00fcr\u00fcyor. \u00c7al\u0131\u015fmalarda 178 personel, 7 kar k\u00fcreme arac\u0131, 2 greyder ve 15 kaz\u0131c\u0131 ara\u00e7 &hellip; <\/p>\n","protected":false},"author":3,"featured_media":341,"comment_status":"open","ping_status":"open","sticky":false,"template":"","format":"standard","meta":{"footnotes":""},"categories":[4,46],"tags":[96,126,78,138],"class_list":["post-340","post","type-post","status-publish","format-standard","has-post-thumbnail","hentry","category-pendik","category-yasam","tag-ahmet-cin","tag-ibb","tag-pendik-belediyesi","tag-zabita"],"_links":{"self":[{"href":"https:\/\/www.haberkartal.tr\/tr-int\/wp-json\/wp\/v2\/posts\/340","targetHints":{"allow":["GET"]}}],"collection":[{"href":"https:\/\/www.haberkartal.tr\/tr-int\/wp-json\/wp\/v2\/posts"}],"about":[{"href":"https:\/\/www.haberkartal.tr\/tr-int\/wp-json\/wp\/v2\/types\/post"}],"author":[{"embeddable":true,"href":"https:\/\/www.haberkartal.tr\/tr-int\/wp-json\/wp\/v2\/users\/3"}],"replies":[{"embeddable":true,"href":"https:\/\/www.haberkartal.tr\/tr-int\/wp-json\/wp\/v2\/comments?post=340"}],"version-history":[{"count":0,"href":"https:\/\/www.haberkartal.tr\/tr-int\/wp-json\/wp\/v2\/posts\/340\/revisions"}],"wp:featuredmedia":[{"embeddable":true,"href":"https:\/\/www.haberkartal.tr\/tr-int\/wp-json\/wp\/v2\/media\/341"}],"wp:attachment":[{"href":"https:\/\/www.haberkartal.tr\/tr-int\/wp-json\/wp\/v2\/media?parent=340"}],"wp:term":[{"taxonomy":"category","embeddable":true,"href":"https:\/\/www.haberkartal.tr\/tr-int\/wp-json\/wp\/v2\/categories?post=340"},{"taxonomy":"post_tag","embeddable":true,"href":"https:\/\/www.haberkartal.tr\/tr-int\/wp-json\/wp\/v2\/tags?post=340"}],"curies":[{"name":"wp","href":"https:\/\/api.w.org\/{rel}","templated":true}]}}