{"id":364,"date":"2021-02-17T14:12:32","date_gmt":"2021-02-17T11:12:32","guid":{"rendered":"https:\/\/haberkartal.com\/?p=364"},"modified":"2021-02-17T13:20:54","modified_gmt":"2021-02-17T10:20:54","slug":"baskan-murat-aydin-corona-virusu-asisi-oldu","status":"publish","type":"post","link":"https:\/\/www.haberkartal.tr\/tr-int\/beykoz\/baskan-murat-aydin-corona-virusu-asisi-oldu\/364\/","title":{"rendered":"Ba\u015fkan Murat Ayd\u0131n Corona Vir\u00fcs\u00fc A\u015f\u0131s\u0131 Oldu"},"content":{"rendered":"<p>Sa\u011fl\u0131k Bakanl\u0131\u011f\u0131 taraf\u0131ndan \u00fclke genelinde y\u00fcr\u00fct\u00fclen a\u015f\u0131lama program\u0131 kapsam\u0131nda s\u0131ras\u0131 gelen Beykoz Belediye Ba\u015fkan\u0131 Murat Ayd\u0131n sabah saatlerinde a\u015f\u0131 oldu.<br \/>\nBelediye b\u00fcnyesinde il\u00e7e sakinlerine hizmet veren Sa\u011fl\u0131k \u0130\u015fleri M\u00fcd\u00fcrl\u00fc\u011f\u00fc\u2019ne gelen Ba\u015fkan Murat Ayd\u0131n\u2019a burada g\u00f6revli sa\u011fl\u0131k personeli taraf\u0131ndan a\u015f\u0131 yap\u0131ld\u0131.<br \/>\nKendisi de anne ve babas\u0131n\u0131 k\u0131sa bir s\u00fcre \u00f6nce corona vir\u00fcs\u00fc sebebiyle kaybeden Ba\u015fkan Ayd\u0131n, i\u011fneyi yapan sa\u011fl\u0131k \u00e7al\u0131\u015fan\u0131na te\u015fekk\u00fcr ederek, kurumdaki personellerle sohbet etti.<\/p>\n<p><strong>Ba\u015fkan Ayd\u0131n: \u201cA\u015f\u0131 olsak dahi kurallara riayet etmeliyiz\u201d<\/strong><\/p>\n<p>A\u015f\u0131 olduktan sonra konu\u015fan Beykoz Belediye Ba\u015fkan\u0131 Murat Ayd\u0131n: \u201cDevletimiz salg\u0131n s\u00fcrecini \u00e7ok g\u00fczel y\u00f6netti. Bu konuda sa\u011fl\u0131k \u00e7al\u0131\u015fanlar\u0131m\u0131za ve yetkililere m\u00fcte\u015fekkirim. Korona vir\u00fcse kar\u015f\u0131 a\u015f\u0131 bulundu. Yerli a\u015f\u0131lar da in\u015fallah k\u0131sa s\u00fcre sonra gelecek. Biz de a\u015f\u0131m\u0131z\u0131 yapt\u0131rd\u0131k. A\u015f\u0131y\u0131 yapan arkada\u015f\u0131m\u0131z\u0131n eline sa\u011fl\u0131k, hi\u00e7 hissetmedim. Toplumun risk alt\u0131nda olan b\u00fct\u00fcn kesimleri de umar\u0131m k\u0131sa s\u00fcre i\u00e7erisinde a\u015f\u0131lanm\u0131\u015f olur. Ayr\u0131ca a\u015f\u0131 olsak dahi kurallara riayet etmek durumunday\u0131z. Maske, mesafe ve temizlik kurallar\u0131n\u0131 uygulamal\u0131y\u0131z. Bu i\u015fin \u015fakas\u0131 yok. Herkese sa\u011fl\u0131kl\u0131 bir ya\u015fam diliyorum\u201d dedi.<\/p>\n","protected":false},"excerpt":{"rendered":"<p>Sa\u011fl\u0131k Bakanl\u0131\u011f\u0131 taraf\u0131ndan \u00fclke genelinde y\u00fcr\u00fct\u00fclen a\u015f\u0131lama program\u0131 kapsam\u0131nda s\u0131ras\u0131 gelen Beykoz Belediye Ba\u015fkan\u0131 Murat Ayd\u0131n sabah saatlerinde a\u015f\u0131 oldu. Belediye b\u00fcnyesinde il\u00e7e sakinlerine hizmet veren Sa\u011fl\u0131k \u0130\u015fleri M\u00fcd\u00fcrl\u00fc\u011f\u00fc\u2019ne gelen &hellip; <\/p>\n","protected":false},"author":3,"featured_media":365,"comment_status":"open","ping_status":"open","sticky":false,"template":"","format":"standard","meta":{"footnotes":""},"categories":[11],"tags":[79,187,189,188],"class_list":["post-364","post","type-post","status-publish","format-standard","has-post-thumbnail","hentry","category-beykoz","tag-asi","tag-beykoz","tag-kovid-19","tag-murat-aydin"],"_links":{"self":[{"href":"https:\/\/www.haberkartal.tr\/tr-int\/wp-json\/wp\/v2\/posts\/364","targetHints":{"allow":["GET"]}}],"collection":[{"href":"https:\/\/www.haberkartal.tr\/tr-int\/wp-json\/wp\/v2\/posts"}],"about":[{"href":"https:\/\/www.haberkartal.tr\/tr-int\/wp-json\/wp\/v2\/types\/post"}],"author":[{"embeddable":true,"href":"https:\/\/www.haberkartal.tr\/tr-int\/wp-json\/wp\/v2\/users\/3"}],"replies":[{"embeddable":true,"href":"https:\/\/www.haberkartal.tr\/tr-int\/wp-json\/wp\/v2\/comments?post=364"}],"version-history":[{"count":0,"href":"https:\/\/www.haberkartal.tr\/tr-int\/wp-json\/wp\/v2\/posts\/364\/revisions"}],"wp:featuredmedia":[{"embeddable":true,"href":"https:\/\/www.haberkartal.tr\/tr-int\/wp-json\/wp\/v2\/media\/365"}],"wp:attachment":[{"href":"https:\/\/www.haberkartal.tr\/tr-int\/wp-json\/wp\/v2\/media?parent=364"}],"wp:term":[{"taxonomy":"category","embeddable":true,"href":"https:\/\/www.haberkartal.tr\/tr-int\/wp-json\/wp\/v2\/categories?post=364"},{"taxonomy":"post_tag","embeddable":true,"href":"https:\/\/www.haberkartal.tr\/tr-int\/wp-json\/wp\/v2\/tags?post=364"}],"curies":[{"name":"wp","href":"https:\/\/api.w.org\/{rel}","templated":true}]}}