{"id":4031,"date":"2021-09-02T22:52:29","date_gmt":"2021-09-02T19:52:29","guid":{"rendered":"https:\/\/haberkartal.com\/?p=4031"},"modified":"2021-09-02T22:52:29","modified_gmt":"2021-09-02T19:52:29","slug":"anadolu-kavagindaki-yangin-buyumeden-sonduruldu","status":"publish","type":"post","link":"https:\/\/www.haberkartal.tr\/tr-int\/beykoz\/anadolu-kavagindaki-yangin-buyumeden-sonduruldu\/4031\/","title":{"rendered":"Anadolu Kava\u011f\u0131&#8217;ndaki yang\u0131n b\u00fcy\u00fcmeden s\u00f6nd\u00fcr\u00fcld\u00fc"},"content":{"rendered":"<p>Yang\u0131n, saat 16.00 s\u0131ralar\u0131nda Beykoz Anadolu Kava\u011f\u0131&#8217;ndaki ormanda \u00e7\u0131kt\u0131. Dumanlar\u0131 g\u00f6renler durumu \u0130tfaiye ekiplerine bildirdi. K\u0131sa s\u00fcrede olay yerine gelen ekipler yang\u0131na m\u00fcdahale etmeye ba\u015flad\u0131. B\u00f6lgeye sevk edilen yang\u0131n s\u00f6nd\u00fcrme helikopterleri de \u00e7al\u0131\u015fmalara kat\u0131ld\u0131. Yang\u0131n, ekiplerin \u00e7al\u0131\u015fmas\u0131n\u0131n ard\u0131ndan daha fazla b\u00fcy\u00fcmeden kontrol alt\u0131na al\u0131nd\u0131. <\/p>\n","protected":false},"excerpt":{"rendered":"<p>Beykoz Anadolu Kava\u011f\u0131&#8217;ndaki ormanda yang\u0131n \u00e7\u0131kt\u0131. Alevler, yang\u0131n s\u00f6nd\u00fcrme helikopteri taraf\u0131ndan k\u0131sa s\u00fcrede s\u00f6nd\u00fcr\u00fcld\u00fc. <\/p>\n","protected":false},"author":8,"featured_media":4033,"comment_status":"open","ping_status":"open","sticky":false,"template":"","format":"standard","meta":{"footnotes":""},"categories":[11],"tags":[1003,187,125,541,800],"class_list":["post-4031","post","type-post","status-publish","format-standard","has-post-thumbnail","hentry","category-beykoz","tag-anadolu-kavagi","tag-beykoz","tag-itfaiye","tag-manset","tag-yangin"],"_links":{"self":[{"href":"https:\/\/www.haberkartal.tr\/tr-int\/wp-json\/wp\/v2\/posts\/4031","targetHints":{"allow":["GET"]}}],"collection":[{"href":"https:\/\/www.haberkartal.tr\/tr-int\/wp-json\/wp\/v2\/posts"}],"about":[{"href":"https:\/\/www.haberkartal.tr\/tr-int\/wp-json\/wp\/v2\/types\/post"}],"author":[{"embeddable":true,"href":"https:\/\/www.haberkartal.tr\/tr-int\/wp-json\/wp\/v2\/users\/8"}],"replies":[{"embeddable":true,"href":"https:\/\/www.haberkartal.tr\/tr-int\/wp-json\/wp\/v2\/comments?post=4031"}],"version-history":[{"count":2,"href":"https:\/\/www.haberkartal.tr\/tr-int\/wp-json\/wp\/v2\/posts\/4031\/revisions"}],"predecessor-version":[{"id":4036,"href":"https:\/\/www.haberkartal.tr\/tr-int\/wp-json\/wp\/v2\/posts\/4031\/revisions\/4036"}],"wp:featuredmedia":[{"embeddable":true,"href":"https:\/\/www.haberkartal.tr\/tr-int\/wp-json\/wp\/v2\/media\/4033"}],"wp:attachment":[{"href":"https:\/\/www.haberkartal.tr\/tr-int\/wp-json\/wp\/v2\/media?parent=4031"}],"wp:term":[{"taxonomy":"category","embeddable":true,"href":"https:\/\/www.haberkartal.tr\/tr-int\/wp-json\/wp\/v2\/categories?post=4031"},{"taxonomy":"post_tag","embeddable":true,"href":"https:\/\/www.haberkartal.tr\/tr-int\/wp-json\/wp\/v2\/tags?post=4031"}],"curies":[{"name":"wp","href":"https:\/\/api.w.org\/{rel}","templated":true}]}}