{"id":418,"date":"2021-02-24T12:23:10","date_gmt":"2021-02-24T09:23:10","guid":{"rendered":"https:\/\/haberkartal.com\/?p=418"},"modified":"2021-02-24T10:24:44","modified_gmt":"2021-02-24T07:24:44","slug":"polonezkoyun-turistik-cehresi-yenileniyor","status":"publish","type":"post","link":"https:\/\/www.haberkartal.tr\/tr-int\/beykoz\/polonezkoyun-turistik-cehresi-yenileniyor\/418\/","title":{"rendered":"Polonezk\u00f6y&#8217;\u00fcn Turistik \u00c7ehresi Yenileniyor"},"content":{"rendered":"<p>Beykoz Belediyesi\u2019nin il\u00e7edeki turistik ve tarihi ya\u015fam alanlar\u0131n\u0131 g\u00fczelle\u015ftirmek, korumak ve k\u00f6y\u00fcn mevcut ihtiya\u00e7lar\u0131n\u0131 kar\u015f\u0131lamak amac\u0131yla haz\u0131rlad\u0131\u011f\u0131 \u201cPolonezk\u00f6y Sokak Sa\u011fl\u0131kla\u015ft\u0131rma Projesi\u201dyle y\u0131ll\u0131k ziyaret\u00e7i say\u0131s\u0131n\u0131n artmas\u0131 da hedefleniyor.<\/p>\n<p>T\u00fcrk-Polonya dostlu\u011funun y\u00fcz y\u0131llard\u0131r simgesi olan k\u00f6ye her y\u00f6n\u00fcyle g\u00fczellik katacak proje kapsam\u0131nda ana caddelerde trafik d\u00fczenlenecek, binalar\u0131n \u00e7ehresi iyile\u015fecek, ziyaret\u00e7ilerin keyifle vakit ge\u00e7irece\u011fi yeni meydan ve yaya yollar\u0131 kazan\u0131lacak.<\/p>\n<p><strong>Yaya Yolu Art\u0131yor<\/strong><\/p>\n<p>Beykoz\u2019un turizm hareketlili\u011fini art\u0131racak \u00e7al\u0131\u015fman\u0131n en \u00f6nemli aya\u011f\u0131n\u0131 k\u00f6ye ula\u015f\u0131m\u0131 sa\u011flayan ana caddelerde yap\u0131lacak yol d\u00fczenlemeleri ile yayala\u015ft\u0131rma faaliyetleri olu\u015fturuyor.<\/p>\n<p>Bu kapsamda ana ula\u015f\u0131m aks\u0131ndaki, Beykoz Caddesi, Cumhuriyet Caddesi ve 75.Y\u0131l Caddesi\u2019nde toplam 1.4 km boyunca d\u00fczenleme yap\u0131larak mevcut caddeler y\u00fcr\u00fcy\u00fc\u015f i\u00e7in konforlu hale getirilecek. <\/p>\n<p>Beykoz Caddesi trafi\u011fe kapat\u0131larak \u00fczerinde y\u0131l\u0131n belli d\u00f6nemlerinde \u00f6zg\u00fcn s\u00fcs e\u015fyalar\u0131 ve yerel organik \u00fcr\u00fcnlerin sat\u0131ld\u0131\u011f\u0131 9 adet mevsimlik sat\u0131\u015f noktas\u0131n\u0131n bulundu\u011fu turistik bir sokak kurulacak.  <\/p>\n<p><strong>K\u00f6y Meydan\u0131 Yenileniyor<\/strong><\/p>\n<p>Y\u0131l\u0131n farkl\u0131 d\u00f6nemlerinde halk oyunlar\u0131 festivalleri ve \u015fenliklere ev sahipli\u011fi yapan k\u00f6y meydan\u0131 ise tamamen yayala\u015facak. <\/p>\n<p>Meydandaki a\u00e7\u0131k otopark k\u00f6y giri\u015fine ta\u015f\u0131narak ziyaret\u00e7ilerin dinlenip nefes alabilece\u011fi turistik bir k\u00f6y kahvesi kurulacak.<\/p>\n<p>Mevcut k\u00fclt\u00fcr merkezinin cephesi \u015feffaf bir tasar\u0131mla yenilenerek etkinlik alan\u0131 ile k\u00f6y meydan\u0131 aras\u0131nda g\u00f6rsel ve fonksiyonel b\u00fct\u00fcnl\u00fck sa\u011flanacak.  <\/p>\n<p>Meydana 135 m2 b\u00fcy\u00fckl\u00fc\u011f\u00fcnde \u00fczeri modern-geleneksel forma sahip ah\u015fap \u00e7ardakla \u00f6rt\u00fcl\u00fc ta\u015fl\u0131k kahvesi yap\u0131lacak.<\/p>\n<p><strong>Cami ve Kilise Meydana \u00c7\u0131k\u0131yor<\/strong><\/p>\n<p>Polonezk\u00f6y\u2019\u00fcn \u00e7ok k\u00fclt\u00fcrl\u00fc kimli\u011fini yans\u0131tan, a\u011fa\u00e7larla ve bah\u00e7e duvarlar\u0131yla \u00f6rt\u00fcl\u00fc cami ve kilise, k\u00f6y\u00fcn Beykoz y\u00f6n\u00fcnden giri\u015f noktas\u0131 niteli\u011fini ta\u015f\u0131yacak 490 m2\u2019lik bir meydan d\u00fczenlemesiyle art\u0131k daha g\u00f6r\u00fcn\u00fcr olacak.<\/p>\n<p><strong>Bina Cepheleri \u0130yile\u015fiyor <\/strong><\/p>\n<p>Polonezk\u00f6y\u2019\u00fcn orman ve tarihi dokusuna \u00e7ok yak\u0131\u015fan ve ana yoldan g\u00f6r\u00fclebilen 17 adet binan\u0131n \u00f6n cephesi k\u00f6y\u00fcn geleneksel mimarisine uygun sar\u0131, ye\u015fil ve ah\u015fap tonlar\u0131 kullan\u0131larak yenilenecek.  <\/p>\n<p>K\u00f6ydeki bina cephelerinin yan\u0131 s\u0131ra 1.95 km uzunlu\u011funda bah\u00e7e duvar\u0131 ve 50 adet bah\u00e7e kap\u0131s\u0131 da \u00f6zg\u00fcn ve estetik bir tasar\u0131mla yeniden yap\u0131lacak.<\/p>\n<p>B\u00f6ylelikle mevcut binalar\u0131n bak\u0131m\u0131 sa\u011flan\u0131rken ziyaret\u00e7i ve turistlere de estetik bir g\u00f6r\u00fcnt\u00fc sunulacak.<\/p>\n<p>Ziyaret\u00e7i yo\u011funlu\u011fu d\u00fc\u015f\u00fcn\u00fclerek, k\u00f6y\u00fcn Beykoz y\u00f6n\u00fcnden giri\u015finde 74 ara\u00e7 kapasiteli a\u00e7\u0131k otopark da yap\u0131lacak.<\/p>\n","protected":false},"excerpt":{"rendered":"<p>Beykoz Belediyesi\u2019nin il\u00e7edeki turistik ve tarihi ya\u015fam alanlar\u0131n\u0131 g\u00fczelle\u015ftirmek, korumak ve k\u00f6y\u00fcn mevcut ihtiya\u00e7lar\u0131n\u0131 kar\u015f\u0131lamak amac\u0131yla haz\u0131rlad\u0131\u011f\u0131 \u201cPolonezk\u00f6y Sokak Sa\u011fl\u0131kla\u015ft\u0131rma Projesi\u201dyle y\u0131ll\u0131k ziyaret\u00e7i say\u0131s\u0131n\u0131n artmas\u0131 da hedefleniyor. T\u00fcrk-Polonya dostlu\u011funun y\u00fcz &hellip; <\/p>\n","protected":false},"author":3,"featured_media":419,"comment_status":"open","ping_status":"open","sticky":false,"template":"","format":"standard","meta":{"footnotes":""},"categories":[11],"tags":[187,215,214,193],"class_list":["post-418","post","type-post","status-publish","format-standard","has-post-thumbnail","hentry","category-beykoz","tag-beykoz","tag-murat-yildirim","tag-polonezkoy","tag-turist"],"_links":{"self":[{"href":"https:\/\/www.haberkartal.tr\/tr-int\/wp-json\/wp\/v2\/posts\/418","targetHints":{"allow":["GET"]}}],"collection":[{"href":"https:\/\/www.haberkartal.tr\/tr-int\/wp-json\/wp\/v2\/posts"}],"about":[{"href":"https:\/\/www.haberkartal.tr\/tr-int\/wp-json\/wp\/v2\/types\/post"}],"author":[{"embeddable":true,"href":"https:\/\/www.haberkartal.tr\/tr-int\/wp-json\/wp\/v2\/users\/3"}],"replies":[{"embeddable":true,"href":"https:\/\/www.haberkartal.tr\/tr-int\/wp-json\/wp\/v2\/comments?post=418"}],"version-history":[{"count":0,"href":"https:\/\/www.haberkartal.tr\/tr-int\/wp-json\/wp\/v2\/posts\/418\/revisions"}],"wp:featuredmedia":[{"embeddable":true,"href":"https:\/\/www.haberkartal.tr\/tr-int\/wp-json\/wp\/v2\/media\/419"}],"wp:attachment":[{"href":"https:\/\/www.haberkartal.tr\/tr-int\/wp-json\/wp\/v2\/media?parent=418"}],"wp:term":[{"taxonomy":"category","embeddable":true,"href":"https:\/\/www.haberkartal.tr\/tr-int\/wp-json\/wp\/v2\/categories?post=418"},{"taxonomy":"post_tag","embeddable":true,"href":"https:\/\/www.haberkartal.tr\/tr-int\/wp-json\/wp\/v2\/tags?post=418"}],"curies":[{"name":"wp","href":"https:\/\/api.w.org\/{rel}","templated":true}]}}