{"id":4436,"date":"2021-09-12T14:27:40","date_gmt":"2021-09-12T11:27:40","guid":{"rendered":"https:\/\/haberkartal.com\/?p=4436"},"modified":"2021-09-12T14:27:40","modified_gmt":"2021-09-12T11:27:40","slug":"tuzlada-korkutan-kaza","status":"publish","type":"post","link":"https:\/\/www.haberkartal.tr\/tr-int\/tuzla\/tuzlada-korkutan-kaza\/4436\/","title":{"rendered":"Tuzla\u2019da korkutan kaza"},"content":{"rendered":"<p>Kaza, Ayd\u0131nl\u0131 Mahallesi Patlay\u0131c\u0131 Maddeler Yolu Caddesi&#8217;nde saat 10.00 s\u0131ralar\u0131nda ya\u015fand\u0131. U\u011fur \u00d6zkaya&#8217;n\u0131n kulland\u0131\u011f\u0131 34 YD 875 plakal\u0131 otomobil, kontrolden \u00e7\u0131karak kald\u0131r\u0131mdaki elektrik dire\u011fine \u00e7arpt\u0131 ve takla att\u0131. Kazan\u0131n ard\u0131ndan olay yerine polis, itfaiye ve ambulans sevk edildi. <\/p>\n<p>Yaral\u0131lar olay yerine gelen itfaiye ekipleri taraf\u0131ndan otomobilden \u00e7\u0131kar\u0131larak kurtar\u0131ld\u0131. Kazada yaralanan s\u00fcr\u00fcc\u00fc U\u011fur \u00d6zkaya ve yan\u0131nda bulunan Harun Kumak, ambulanslarla hastaneye kald\u0131r\u0131larak tedavi alt\u0131na al\u0131nd\u0131. Polis olayla ilgili soru\u015fturma ba\u015flatt\u0131. <\/p>\n<p><img loading=\"lazy\" decoding=\"async\" src=\"https:\/\/haberkartal.com\/wp-content\/uploads\/2021\/09\/tuzla3-2.jpg\" alt=\"\" width=\"900\" height=\"627\" class=\"alignnone size-full wp-image-4440\" srcset=\"https:\/\/www.haberkartal.tr\/tr-int\/wp-content\/uploads\/2021\/09\/tuzla3-2.jpg 900w, https:\/\/www.haberkartal.tr\/tr-int\/wp-content\/uploads\/2021\/09\/tuzla3-2-300x209.jpg 300w, https:\/\/www.haberkartal.tr\/tr-int\/wp-content\/uploads\/2021\/09\/tuzla3-2-768x535.jpg 768w, https:\/\/www.haberkartal.tr\/tr-int\/wp-content\/uploads\/2021\/09\/tuzla3-2-600x418.jpg 600w\" sizes=\"auto, (max-width: 900px) 100vw, 900px\" \/><\/p>\n","protected":false},"excerpt":{"rendered":"<p>Tuzla\u2019da kontrolden \u00e7\u0131karak elektrik dire\u011fine \u00e7arpan otomobilin takla atmas\u0131 sonucu 2 ki\u015fi yaraland\u0131. Yaral\u0131lar ambulanslarla hastaneye kald\u0131r\u0131ld\u0131.<\/p>\n","protected":false},"author":8,"featured_media":4438,"comment_status":"open","ping_status":"open","sticky":false,"template":"","format":"standard","meta":{"footnotes":""},"categories":[6],"tags":[442,541,1080,128],"class_list":["post-4436","post","type-post","status-publish","format-standard","has-post-thumbnail","hentry","category-tuzla","tag-kaza","tag-manset","tag-otomobil","tag-tuzla"],"_links":{"self":[{"href":"https:\/\/www.haberkartal.tr\/tr-int\/wp-json\/wp\/v2\/posts\/4436","targetHints":{"allow":["GET"]}}],"collection":[{"href":"https:\/\/www.haberkartal.tr\/tr-int\/wp-json\/wp\/v2\/posts"}],"about":[{"href":"https:\/\/www.haberkartal.tr\/tr-int\/wp-json\/wp\/v2\/types\/post"}],"author":[{"embeddable":true,"href":"https:\/\/www.haberkartal.tr\/tr-int\/wp-json\/wp\/v2\/users\/8"}],"replies":[{"embeddable":true,"href":"https:\/\/www.haberkartal.tr\/tr-int\/wp-json\/wp\/v2\/comments?post=4436"}],"version-history":[{"count":1,"href":"https:\/\/www.haberkartal.tr\/tr-int\/wp-json\/wp\/v2\/posts\/4436\/revisions"}],"predecessor-version":[{"id":4441,"href":"https:\/\/www.haberkartal.tr\/tr-int\/wp-json\/wp\/v2\/posts\/4436\/revisions\/4441"}],"wp:featuredmedia":[{"embeddable":true,"href":"https:\/\/www.haberkartal.tr\/tr-int\/wp-json\/wp\/v2\/media\/4438"}],"wp:attachment":[{"href":"https:\/\/www.haberkartal.tr\/tr-int\/wp-json\/wp\/v2\/media?parent=4436"}],"wp:term":[{"taxonomy":"category","embeddable":true,"href":"https:\/\/www.haberkartal.tr\/tr-int\/wp-json\/wp\/v2\/categories?post=4436"},{"taxonomy":"post_tag","embeddable":true,"href":"https:\/\/www.haberkartal.tr\/tr-int\/wp-json\/wp\/v2\/tags?post=4436"}],"curies":[{"name":"wp","href":"https:\/\/api.w.org\/{rel}","templated":true}]}}