{"id":444,"date":"2021-02-26T12:13:54","date_gmt":"2021-02-26T09:13:54","guid":{"rendered":"https:\/\/haberkartal.com\/?p=444"},"modified":"2021-02-26T11:11:55","modified_gmt":"2021-02-26T08:11:55","slug":"saglik-calisanlarina-yoresel-lezzet-takviyesi","status":"publish","type":"post","link":"https:\/\/www.haberkartal.tr\/tr-int\/beykoz\/saglik-calisanlarina-yoresel-lezzet-takviyesi\/444\/","title":{"rendered":"Sa\u011fl\u0131k \u00c7al\u0131\u015fanlar\u0131na Y\u00f6resel Lezzet Takviyesi"},"content":{"rendered":"<p>Beykoz Belediyesi\u2019nin her g\u00fcn \u00e7orba ve \u00e7ay ikram\u0131yla yanlar\u0131nda yer ald\u0131\u011f\u0131 Beykoz Devlet Hastanesi \u00e7al\u0131\u015fanlar\u0131 il\u00e7edeki y\u00f6re derneklerinin haz\u0131rlad\u0131\u011f\u0131 ikramlarla yo\u011fun \u00e7al\u0131\u015fma temposu aras\u0131nda g\u00fc\u00e7 topluyor.<\/p>\n<p>Salg\u0131nla m\u00fccadelede en \u00f6n safta yer alan sa\u011fl\u0131k \u00e7al\u0131\u015fanlar\u0131na moral vermek amac\u0131yla haz\u0131rlanan y\u00f6resel yemekler hastane bah\u00e7esinde a\u00e7\u0131lan Beykoz Belediyesi\u2019ne ait mobil b\u00fcfede sa\u011fl\u0131k personeli ve hasta yak\u0131nlar\u0131na ikram ediliyor.<\/p>\n<p>Y\u00f6re Dernek ba\u015fkanlar\u0131 da ikramlarda haz\u0131r bulunarak sa\u011fl\u0131k \u00e7al\u0131\u015fanlar\u0131na desteklerini g\u00f6steriyor.<\/p>\n<p>Ardahanl\u0131lar Derne\u011fi\u2019nin kat\u0131l\u0131m\u0131yla yap\u0131lan etkinli\u011fin ilk g\u00fcn\u00fcnde kete ikram edilirken, Kars-Ardahan-I\u011fd\u0131r Derne\u011fi ise pi\u015fi ve meyve suyu haz\u0131rlad\u0131.<br \/>\nBeykoz Devlet hastanesinde g\u00f6revli doktor ve hem\u015fireler haz\u0131rlanan ikramlar\u0131n ya\u015fanan zorlu s\u00fcre\u00e7te kendilerine moral verdi\u011fini belirterek Beykoz Belediyesi ve y\u00f6re derneklerine te\u015fekk\u00fcr etti.<\/p>\n","protected":false},"excerpt":{"rendered":"<p>Beykoz Belediyesi\u2019nin her g\u00fcn \u00e7orba ve \u00e7ay ikram\u0131yla yanlar\u0131nda yer ald\u0131\u011f\u0131 Beykoz Devlet Hastanesi \u00e7al\u0131\u015fanlar\u0131 il\u00e7edeki y\u00f6re derneklerinin haz\u0131rlad\u0131\u011f\u0131 ikramlarla yo\u011fun \u00e7al\u0131\u015fma temposu aras\u0131nda g\u00fc\u00e7 topluyor. Salg\u0131nla m\u00fccadelede en \u00f6n &hellip; <\/p>\n","protected":false},"author":3,"featured_media":445,"comment_status":"open","ping_status":"open","sticky":false,"template":"","format":"standard","meta":{"footnotes":""},"categories":[11],"tags":[186,187,99,225],"class_list":["post-444","post","type-post","status-publish","format-standard","has-post-thumbnail","hentry","category-beykoz","tag-ak-parti","tag-beykoz","tag-saglik","tag-yoresel"],"_links":{"self":[{"href":"https:\/\/www.haberkartal.tr\/tr-int\/wp-json\/wp\/v2\/posts\/444","targetHints":{"allow":["GET"]}}],"collection":[{"href":"https:\/\/www.haberkartal.tr\/tr-int\/wp-json\/wp\/v2\/posts"}],"about":[{"href":"https:\/\/www.haberkartal.tr\/tr-int\/wp-json\/wp\/v2\/types\/post"}],"author":[{"embeddable":true,"href":"https:\/\/www.haberkartal.tr\/tr-int\/wp-json\/wp\/v2\/users\/3"}],"replies":[{"embeddable":true,"href":"https:\/\/www.haberkartal.tr\/tr-int\/wp-json\/wp\/v2\/comments?post=444"}],"version-history":[{"count":0,"href":"https:\/\/www.haberkartal.tr\/tr-int\/wp-json\/wp\/v2\/posts\/444\/revisions"}],"wp:featuredmedia":[{"embeddable":true,"href":"https:\/\/www.haberkartal.tr\/tr-int\/wp-json\/wp\/v2\/media\/445"}],"wp:attachment":[{"href":"https:\/\/www.haberkartal.tr\/tr-int\/wp-json\/wp\/v2\/media?parent=444"}],"wp:term":[{"taxonomy":"category","embeddable":true,"href":"https:\/\/www.haberkartal.tr\/tr-int\/wp-json\/wp\/v2\/categories?post=444"},{"taxonomy":"post_tag","embeddable":true,"href":"https:\/\/www.haberkartal.tr\/tr-int\/wp-json\/wp\/v2\/tags?post=444"}],"curies":[{"name":"wp","href":"https:\/\/api.w.org\/{rel}","templated":true}]}}