{"id":4454,"date":"2021-09-13T09:52:26","date_gmt":"2021-09-13T06:52:26","guid":{"rendered":"https:\/\/haberkartal.com\/?p=4454"},"modified":"2021-09-13T09:52:26","modified_gmt":"2021-09-13T06:52:26","slug":"kadikoyde-ki-yangin-panige-neden-oldu","status":"publish","type":"post","link":"https:\/\/www.haberkartal.tr\/tr-int\/kadikoy\/kadikoyde-ki-yangin-panige-neden-oldu\/4454\/","title":{"rendered":"Kad\u0131k\u00f6y&#8217;de ki yang\u0131n pani\u011fe neden oldu"},"content":{"rendered":"<p>Yang\u0131n, Kad\u0131k\u00f6y Sahray\u0131 Cedit Mahallesi Akg\u00fcn Sokakta 4 katl\u0131 bir binan\u0131n giri\u015f kat\u0131ndaki i\u015f yerinin depo olarak kulland\u0131\u011f\u0131 k\u0131s\u0131mda saat 01.00 s\u0131ralar\u0131nda hen\u00fcz belirlenemeyen bir nedenle \u00e7\u0131kt\u0131. Yang\u0131n\u0131 g\u00f6ren \u00e7evredekiler, durumu itfaiye ve polis ekiplerine bildirdi. K\u0131sa s\u00fcrede olay yerine gelen itfaiye ekipleri yang\u0131na m\u00fcdahale ederek s\u00f6nd\u00fcrd\u00fc. Yang\u0131n\u0131 fark eden apartman sakinleri de apartman\u0131 bo\u015faltarak soka\u011fa \u00e7\u0131kt\u0131. Ya\u015fanan yang\u0131nda can kayb\u0131 ve yaral\u0131 bulunmazken itfaiye ekipleri yang\u0131n\u0131n \u00e7\u0131k\u0131\u015f nedenini bulmak i\u00e7in depo i\u00e7inde inceleme ba\u015flatt\u0131. <\/p>\n<p><img loading=\"lazy\" decoding=\"async\" src=\"https:\/\/haberkartal.com\/wp-content\/uploads\/2021\/09\/yangin3.jpg\" alt=\"\" width=\"900\" height=\"506\" class=\"alignnone size-full wp-image-4458\" srcset=\"https:\/\/www.haberkartal.tr\/tr-int\/wp-content\/uploads\/2021\/09\/yangin3.jpg 900w, https:\/\/www.haberkartal.tr\/tr-int\/wp-content\/uploads\/2021\/09\/yangin3-300x169.jpg 300w, https:\/\/www.haberkartal.tr\/tr-int\/wp-content\/uploads\/2021\/09\/yangin3-768x432.jpg 768w, https:\/\/www.haberkartal.tr\/tr-int\/wp-content\/uploads\/2021\/09\/yangin3-600x337.jpg 600w\" sizes=\"auto, (max-width: 900px) 100vw, 900px\" \/><\/p>\n<p>Apartman sakinlerinden Nil\u00fcfer Ayd\u0131n, \u201cBen tam yatmak \u00fczereydim, bir koku duydum, hatta balkondan \u00e7\u0131kt\u0131m bakt\u0131m bir \u015fey var m\u0131 diye. Bir \u015fey duymad\u0131m, g\u00f6rmedim sonra yatt\u0131m. Ondan bir 10 dakika, 15 dakika sonra zilime bas\u0131ld\u0131. &#8216;Yang\u0131n var&#8217; diye haber verdiler. Sonra apar topar \u00e7\u0131kt\u0131k d\u0131\u015far\u0131ya sonu\u00e7 bu. D\u00fckkan o s\u0131rada kapal\u0131yd\u0131, kimse yoktu. Herkeste a\u015fa\u011f\u0131ya indi \u00e7ok \u015f\u00fck\u00fcr can kayb\u0131 ya\u015fanmad\u0131&#8221; dedi. Yang\u0131nla ilgili soru\u015fturma s\u00fcrd\u00fcr\u00fcl\u00fcyor. <\/p>\n","protected":false},"excerpt":{"rendered":"<p>Kad\u0131k\u00f6y\u2019de bir i\u015fyerinin deposunda \u00e7\u0131kan yang\u0131n pani\u011fe neden oldu. Tamamen yanan depo kullan\u0131lamaz hale gelirken can kayb\u0131n\u0131n olmamas\u0131 sevindirdi.  <\/p>\n","protected":false},"author":8,"featured_media":4456,"comment_status":"open","ping_status":"open","sticky":false,"template":"","format":"standard","meta":{"footnotes":""},"categories":[8],"tags":[126,258,125,105,541,800],"class_list":["post-4454","post","type-post","status-publish","format-standard","has-post-thumbnail","hentry","category-kadikoy","tag-ibb","tag-isyeri","tag-itfaiye","tag-kadikoy","tag-manset","tag-yangin"],"_links":{"self":[{"href":"https:\/\/www.haberkartal.tr\/tr-int\/wp-json\/wp\/v2\/posts\/4454","targetHints":{"allow":["GET"]}}],"collection":[{"href":"https:\/\/www.haberkartal.tr\/tr-int\/wp-json\/wp\/v2\/posts"}],"about":[{"href":"https:\/\/www.haberkartal.tr\/tr-int\/wp-json\/wp\/v2\/types\/post"}],"author":[{"embeddable":true,"href":"https:\/\/www.haberkartal.tr\/tr-int\/wp-json\/wp\/v2\/users\/8"}],"replies":[{"embeddable":true,"href":"https:\/\/www.haberkartal.tr\/tr-int\/wp-json\/wp\/v2\/comments?post=4454"}],"version-history":[{"count":1,"href":"https:\/\/www.haberkartal.tr\/tr-int\/wp-json\/wp\/v2\/posts\/4454\/revisions"}],"predecessor-version":[{"id":4459,"href":"https:\/\/www.haberkartal.tr\/tr-int\/wp-json\/wp\/v2\/posts\/4454\/revisions\/4459"}],"wp:featuredmedia":[{"embeddable":true,"href":"https:\/\/www.haberkartal.tr\/tr-int\/wp-json\/wp\/v2\/media\/4456"}],"wp:attachment":[{"href":"https:\/\/www.haberkartal.tr\/tr-int\/wp-json\/wp\/v2\/media?parent=4454"}],"wp:term":[{"taxonomy":"category","embeddable":true,"href":"https:\/\/www.haberkartal.tr\/tr-int\/wp-json\/wp\/v2\/categories?post=4454"},{"taxonomy":"post_tag","embeddable":true,"href":"https:\/\/www.haberkartal.tr\/tr-int\/wp-json\/wp\/v2\/tags?post=4454"}],"curies":[{"name":"wp","href":"https:\/\/api.w.org\/{rel}","templated":true}]}}