{"id":5177,"date":"2021-09-30T14:10:51","date_gmt":"2021-09-30T11:10:51","guid":{"rendered":"https:\/\/haberkartal.com\/?p=5177"},"modified":"2021-09-30T14:10:51","modified_gmt":"2021-09-30T11:10:51","slug":"tuzlada-kopegi-av-tufegi-ile-vurdu","status":"publish","type":"post","link":"https:\/\/www.haberkartal.tr\/tr-int\/tuzla\/tuzlada-kopegi-av-tufegi-ile-vurdu\/5177\/","title":{"rendered":"Tuzla&#8217;da k\u00f6pe\u011fi av t\u00fcfe\u011fi ile vurdu!"},"content":{"rendered":"<p>Olay ge\u00e7en Pazar Tuzla Tepe\u00f6ren&#8217;de bulunan, av k\u00f6peklerinin dinlenme yeri olarak kullan\u0131ld\u0131\u011f\u0131 \u00fccretsiz faaliyet g\u00f6steren bir \u00e7iftlikte meydana geldi. Bilgisayar uzman\u0131 Halis Sel\u00e7uk D. bu \u00e7iftli\u011fe emanet olarak b\u0131rakt\u0131\u011f\u0131 k\u00f6pe\u011fini almaya geldi. K\u00f6pe\u011finin Terrier cinsi bir ba\u015fka k\u00f6pekle bo\u011fu\u015ftu\u011funu g\u00f6ren Halis Sel\u00e7uk D. \u00f6nce su tutarak k\u00f6pekleri ay\u0131rmaya \u00e7al\u0131\u015ft\u0131 ve elindeki bir cisimle k\u00f6pe\u011fe vurdu. K\u00f6pekleri ay\u0131rmakta ba\u015far\u0131s\u0131z olan Halis Sel\u00e7uk D. \u00e7iftlikten \u00e7\u0131karak arac\u0131ndaki av t\u00fcfe\u011fini ald\u0131 ve tekrar \u00e7iftli\u011fe girdi. Halis Sel\u00e7uk D. elindeki av t\u00fcfe\u011fi ile &#8216;Kral&#8217; isimli k\u00f6pe\u011fe ate\u015f ederek \u00f6ld\u00fcrd\u00fc. Olay an\u0131 g\u00fcvenlik kameras\u0131na yans\u0131d\u0131. <\/p>\n<p><img loading=\"lazy\" decoding=\"async\" src=\"https:\/\/haberkartal.com\/wp-content\/uploads\/2021\/09\/kopek3.jpg\" alt=\"\" width=\"900\" height=\"506\" class=\"alignnone size-full wp-image-5181\" srcset=\"https:\/\/www.haberkartal.tr\/tr-int\/wp-content\/uploads\/2021\/09\/kopek3.jpg 900w, https:\/\/www.haberkartal.tr\/tr-int\/wp-content\/uploads\/2021\/09\/kopek3-300x169.jpg 300w, https:\/\/www.haberkartal.tr\/tr-int\/wp-content\/uploads\/2021\/09\/kopek3-768x432.jpg 768w, https:\/\/www.haberkartal.tr\/tr-int\/wp-content\/uploads\/2021\/09\/kopek3-600x337.jpg 600w\" sizes=\"auto, (max-width: 900px) 100vw, 900px\" \/><\/p>\n<p>Olay\u0131n polise bildirilmesi \u00fczerine soru\u015fturma ba\u015flatan ekipler, olaya kar\u0131\u015fan Halis Sel\u00e7uk D.&#8217;yi yakalayarak g\u00f6zalt\u0131na ald\u0131. Adliyeye sevk edilen Halis Sel\u00e7uk D. adli kontrol h\u00fck\u00fcmleri uygulanarak serbest b\u0131rak\u0131ld\u0131. <\/p>\n<p>Bilgisayar uzman\u0131 Halis Sel\u00e7uk D.&#8217;nin vurdu\u011fu &#8216;Kral&#8217; isimli k\u00f6pe\u011fin sahibi \u0130brahim Bali\u00e7&#8217;in ise olaydan sonra adliyeye giderek su\u00e7 duyurusunda bulundu\u011fu \u00f6\u011frenildi.  <\/p>\n","protected":false},"excerpt":{"rendered":"<p>Tuzla&#8217;da dinlenme yeri olarak kullan\u0131lan bir \u00e7iftlikte k\u00f6pe\u011fi ile bo\u011fu\u015fan bir ba\u015fka k\u00f6pe\u011fi g\u00f6ren ki\u015fi, \u00e7\u0131lg\u0131na d\u00f6nerek av t\u00fcfe\u011fi ile k\u00f6pe\u011fi vurdu. Ya\u015fanan deh\u015fet anlar\u0131 g\u00fcvenlik kameras\u0131na yans\u0131d\u0131.<\/p>\n","protected":false},"author":8,"featured_media":5179,"comment_status":"open","ping_status":"open","sticky":false,"template":"","format":"standard","meta":{"footnotes":""},"categories":[6],"tags":[1194,139,541,128],"class_list":["post-5177","post","type-post","status-publish","format-standard","has-post-thumbnail","hentry","category-tuzla","tag-av-tufegi","tag-kopek","tag-manset","tag-tuzla"],"_links":{"self":[{"href":"https:\/\/www.haberkartal.tr\/tr-int\/wp-json\/wp\/v2\/posts\/5177","targetHints":{"allow":["GET"]}}],"collection":[{"href":"https:\/\/www.haberkartal.tr\/tr-int\/wp-json\/wp\/v2\/posts"}],"about":[{"href":"https:\/\/www.haberkartal.tr\/tr-int\/wp-json\/wp\/v2\/types\/post"}],"author":[{"embeddable":true,"href":"https:\/\/www.haberkartal.tr\/tr-int\/wp-json\/wp\/v2\/users\/8"}],"replies":[{"embeddable":true,"href":"https:\/\/www.haberkartal.tr\/tr-int\/wp-json\/wp\/v2\/comments?post=5177"}],"version-history":[{"count":1,"href":"https:\/\/www.haberkartal.tr\/tr-int\/wp-json\/wp\/v2\/posts\/5177\/revisions"}],"predecessor-version":[{"id":5182,"href":"https:\/\/www.haberkartal.tr\/tr-int\/wp-json\/wp\/v2\/posts\/5177\/revisions\/5182"}],"wp:featuredmedia":[{"embeddable":true,"href":"https:\/\/www.haberkartal.tr\/tr-int\/wp-json\/wp\/v2\/media\/5179"}],"wp:attachment":[{"href":"https:\/\/www.haberkartal.tr\/tr-int\/wp-json\/wp\/v2\/media?parent=5177"}],"wp:term":[{"taxonomy":"category","embeddable":true,"href":"https:\/\/www.haberkartal.tr\/tr-int\/wp-json\/wp\/v2\/categories?post=5177"},{"taxonomy":"post_tag","embeddable":true,"href":"https:\/\/www.haberkartal.tr\/tr-int\/wp-json\/wp\/v2\/tags?post=5177"}],"curies":[{"name":"wp","href":"https:\/\/api.w.org\/{rel}","templated":true}]}}