{"id":528,"date":"2021-03-02T09:48:47","date_gmt":"2021-03-02T06:48:47","guid":{"rendered":"https:\/\/haberkartal.com\/?p=528"},"modified":"2021-03-02T01:16:59","modified_gmt":"2021-03-01T22:16:59","slug":"citftlik-mahallesi-beyseme-kavusuyor","status":"publish","type":"post","link":"https:\/\/www.haberkartal.tr\/tr-int\/beykoz\/citftlik-mahallesi-beyseme-kavusuyor\/528\/","title":{"rendered":"\u00c7itftlik Mahallesi BEYSEM&#8217;e Kavu\u015fuyor"},"content":{"rendered":"<p>\u00c7avu\u015fba\u015f\u0131 sakinlerinden gelen talep \u00fczerine, \u00c7iftlik Mahallesi\u2019ne bak\u0131ml\u0131 bir meydan ve park alan\u0131 kazand\u0131ran Beykoz Belediyesi, mahalle sakinlerinin k\u00fclt\u00fcrel, e\u011fitim ve sosyal ihtiya\u00e7lar\u0131n\u0131 kar\u015f\u0131lamaya y\u00f6nelik bir de merkez yap\u0131yor.<\/p>\n<p><strong>Ustalardan Sanat E\u011fitimi<\/strong><\/p>\n<p>Beykoz\u2019da kuruldu\u011fu g\u00fcnden bu yana ba\u015fta kad\u0131nlar olmak \u00fczere her kesimden ilgi g\u00f6ren BEYSEM art\u0131k \u00c7iftlik Mahallesi ba\u015fta olmak \u00fczere, Yavuzselim, Baklac\u0131, \u00c7engeldere ve Fatih mahallelerine de hitap edecek.  <\/p>\n<p>Yeti\u015fkin-\u00e7ocuk ve gen\u00e7ler i\u00e7in ayr\u0131 ayr\u0131 at\u00f6lyelerin yer alaca\u011f\u0131 merkezde Tiyatro, G\u00f6rsel Sanatlar, M\u00fczik, Geleneksel El Sanatlar\u0131, Dil, Ki\u015fisel Geli\u015fim, Tekstil ve Giyim \u00dcretimi Teknolojisi olmak \u00fczere 7 ana bran\u015fta e\u011fitim verilecek.  <\/p>\n<p>Mahallerinde \u00fccretsiz kurs ve e\u011fitim imk\u00e2n\u0131na kavu\u015facak olan \u00c7avu\u015fba\u015f\u0131 sakinleri hobi edinme ve yeteneklerini geli\u015ftirmenin yan\u0131 s\u0131ra ki\u015fisel geli\u015fimlerine katk\u0131 sa\u011flayacak nitelikli bir ortama da sahip olacak.<\/p>\n<p><strong>6 Bin Kitapl\u0131k K\u00fct\u00fcphane  <\/strong><\/p>\n<p>BEYSEM\u2019de k\u00fclt\u00fcr-sanat at\u00f6lyelerinin yan\u0131 s\u0131ra gen\u00e7ler ve \u00f6\u011frencilerin kitaplar\u0131n s\u0131cac\u0131k d\u00fcnyas\u0131yla bulu\u015faca\u011f\u0131 6 bin kitapl\u0131k bir de k\u00fct\u00fcphane yer alacak.<\/p>\n<p>Pandemi ko\u015fullar\u0131 dolay\u0131s\u0131yla uzaktan (on-line) yap\u0131lan BEYSEM e\u011fitimleri normalle\u015fme ad\u0131mlar\u0131n\u0131n hayata ge\u00e7mesiyle y\u00fcz y\u00fcze devam edecek.<\/p>\n","protected":false},"excerpt":{"rendered":"<p>\u00c7avu\u015fba\u015f\u0131 sakinlerinden gelen talep \u00fczerine, \u00c7iftlik Mahallesi\u2019ne bak\u0131ml\u0131 bir meydan ve park alan\u0131 kazand\u0131ran Beykoz Belediyesi, mahalle sakinlerinin k\u00fclt\u00fcrel, e\u011fitim ve sosyal ihtiya\u00e7lar\u0131n\u0131 kar\u015f\u0131lamaya y\u00f6nelik bir de merkez yap\u0131yor. Ustalardan &hellip; <\/p>\n","protected":false},"author":3,"featured_media":529,"comment_status":"open","ping_status":"open","sticky":false,"template":"","format":"standard","meta":{"footnotes":""},"categories":[11],"tags":[275,276],"class_list":["post-528","post","type-post","status-publish","format-standard","has-post-thumbnail","hentry","category-beykoz","tag-beykoz-belediyesi","tag-beysem"],"_links":{"self":[{"href":"https:\/\/www.haberkartal.tr\/tr-int\/wp-json\/wp\/v2\/posts\/528","targetHints":{"allow":["GET"]}}],"collection":[{"href":"https:\/\/www.haberkartal.tr\/tr-int\/wp-json\/wp\/v2\/posts"}],"about":[{"href":"https:\/\/www.haberkartal.tr\/tr-int\/wp-json\/wp\/v2\/types\/post"}],"author":[{"embeddable":true,"href":"https:\/\/www.haberkartal.tr\/tr-int\/wp-json\/wp\/v2\/users\/3"}],"replies":[{"embeddable":true,"href":"https:\/\/www.haberkartal.tr\/tr-int\/wp-json\/wp\/v2\/comments?post=528"}],"version-history":[{"count":0,"href":"https:\/\/www.haberkartal.tr\/tr-int\/wp-json\/wp\/v2\/posts\/528\/revisions"}],"wp:featuredmedia":[{"embeddable":true,"href":"https:\/\/www.haberkartal.tr\/tr-int\/wp-json\/wp\/v2\/media\/529"}],"wp:attachment":[{"href":"https:\/\/www.haberkartal.tr\/tr-int\/wp-json\/wp\/v2\/media?parent=528"}],"wp:term":[{"taxonomy":"category","embeddable":true,"href":"https:\/\/www.haberkartal.tr\/tr-int\/wp-json\/wp\/v2\/categories?post=528"},{"taxonomy":"post_tag","embeddable":true,"href":"https:\/\/www.haberkartal.tr\/tr-int\/wp-json\/wp\/v2\/tags?post=528"}],"curies":[{"name":"wp","href":"https:\/\/api.w.org\/{rel}","templated":true}]}}