{"id":7743,"date":"2021-12-04T23:16:11","date_gmt":"2021-12-04T20:16:11","guid":{"rendered":"https:\/\/haberkartal.com\/?p=7743"},"modified":"2021-12-04T23:16:11","modified_gmt":"2021-12-04T20:16:11","slug":"gecekondu-alev-alev-yandi","status":"publish","type":"post","link":"https:\/\/www.haberkartal.tr\/tr-int\/beykoz\/gecekondu-alev-alev-yandi\/7743\/","title":{"rendered":"Gecekondu alev alev yand\u0131"},"content":{"rendered":"<p>Yang\u0131n saat 20.30 s\u0131ralar\u0131nda Beykoz, Yeni Mahallesi, \u00dcz\u00fcm Sokakta bulunan tek katl\u0131 gecekonduda \u00e7\u0131kt\u0131. \u0130hbar \u00fczerine olay yerine itfaiye ,polis ve sa\u011fl\u0131k ekipleri sevk edildi. \u0130tfaiye ekipleri yang\u0131n\u0131 s\u00f6nd\u00fcrd\u00fckten sonra gecekonduda yapt\u0131klar\u0131 incelemede, tek ba\u015f\u0131na ya\u015fad\u0131\u011f\u0131 \u00f6\u011frenilen 70&#8217;li ya\u015flardaki Ahmet Cebeci&#8217;nin cesedine ula\u015ft\u0131. <\/p>\n<p>Olay yeri ekiplerinin incelemeleri s\u00fcr\u00fcyor.<\/p>\n<p><img loading=\"lazy\" decoding=\"async\" src=\"https:\/\/haberkartal.com\/wp-content\/uploads\/2021\/12\/gecekondu3.jpg\" alt=\"\" width=\"900\" height=\"506\" class=\"alignnone size-full wp-image-7748\" srcset=\"https:\/\/www.haberkartal.tr\/tr-int\/wp-content\/uploads\/2021\/12\/gecekondu3.jpg 900w, https:\/\/www.haberkartal.tr\/tr-int\/wp-content\/uploads\/2021\/12\/gecekondu3-300x169.jpg 300w, https:\/\/www.haberkartal.tr\/tr-int\/wp-content\/uploads\/2021\/12\/gecekondu3-768x432.jpg 768w\" sizes=\"auto, (max-width: 900px) 100vw, 900px\" \/><\/p>\n","protected":false},"excerpt":{"rendered":"<p>Beykoz\u2019da bir gecekonduda  hen\u00fcz belirlenemeyen bir nedenle yang\u0131n \u00e7\u0131kt\u0131. Yang\u0131nda gecekonduda tek ba\u015f\u0131na ya\u015fad\u0131\u011f\u0131 \u00f6\u011frenilen 70&#8217;li ya\u015flardaki Ahmet Cebeci yang\u0131nda hayat\u0131n\u0131 haybetti. <\/p>\n","protected":false},"author":8,"featured_media":7746,"comment_status":"open","ping_status":"open","sticky":false,"template":"","format":"standard","meta":{"footnotes":""},"categories":[11],"tags":[187,1347,541,800],"class_list":["post-7743","post","type-post","status-publish","format-standard","has-post-thumbnail","hentry","category-beykoz","tag-beykoz","tag-gecekondu","tag-manset","tag-yangin"],"_links":{"self":[{"href":"https:\/\/www.haberkartal.tr\/tr-int\/wp-json\/wp\/v2\/posts\/7743","targetHints":{"allow":["GET"]}}],"collection":[{"href":"https:\/\/www.haberkartal.tr\/tr-int\/wp-json\/wp\/v2\/posts"}],"about":[{"href":"https:\/\/www.haberkartal.tr\/tr-int\/wp-json\/wp\/v2\/types\/post"}],"author":[{"embeddable":true,"href":"https:\/\/www.haberkartal.tr\/tr-int\/wp-json\/wp\/v2\/users\/8"}],"replies":[{"embeddable":true,"href":"https:\/\/www.haberkartal.tr\/tr-int\/wp-json\/wp\/v2\/comments?post=7743"}],"version-history":[{"count":2,"href":"https:\/\/www.haberkartal.tr\/tr-int\/wp-json\/wp\/v2\/posts\/7743\/revisions"}],"predecessor-version":[{"id":7750,"href":"https:\/\/www.haberkartal.tr\/tr-int\/wp-json\/wp\/v2\/posts\/7743\/revisions\/7750"}],"wp:featuredmedia":[{"embeddable":true,"href":"https:\/\/www.haberkartal.tr\/tr-int\/wp-json\/wp\/v2\/media\/7746"}],"wp:attachment":[{"href":"https:\/\/www.haberkartal.tr\/tr-int\/wp-json\/wp\/v2\/media?parent=7743"}],"wp:term":[{"taxonomy":"category","embeddable":true,"href":"https:\/\/www.haberkartal.tr\/tr-int\/wp-json\/wp\/v2\/categories?post=7743"},{"taxonomy":"post_tag","embeddable":true,"href":"https:\/\/www.haberkartal.tr\/tr-int\/wp-json\/wp\/v2\/tags?post=7743"}],"curies":[{"name":"wp","href":"https:\/\/api.w.org\/{rel}","templated":true}]}}