{"id":7887,"date":"2021-12-10T11:49:54","date_gmt":"2021-12-10T08:49:54","guid":{"rendered":"https:\/\/haberkartal.com\/?p=7887"},"modified":"2021-12-10T11:49:54","modified_gmt":"2021-12-10T08:49:54","slug":"kadikoydeki-119-yillik-eczane-sifa-dagitiyor","status":"publish","type":"post","link":"https:\/\/www.haberkartal.tr\/tr-int\/kadikoy\/kadikoydeki-119-yillik-eczane-sifa-dagitiyor\/7887\/","title":{"rendered":"Kad\u0131k\u00f6y\u2019deki 119 Y\u0131ll\u0131k Eczane \u015eifa Da\u011f\u0131t\u0131yor"},"content":{"rendered":"<p>\u0130la\u00e7 sekt\u00f6r\u00fc sanayile\u015fmeden \u00f6nce, doktorun yazd\u0131\u011f\u0131 re\u00e7ete eczanelerde ilaca d\u00f6n\u00fc\u015f\u00fcrd\u00fc ve bu ila\u00e7lar\u0131n yap\u0131m\u0131 i\u00e7in zehir kullan\u0131l\u0131rd\u0131. Kad\u0131k\u00f6y Moda&#8217;da bulunan &#8216;Yeni Moda Eczanesi&#8217; de i\u015fte o d\u00f6nemlerden kalma, \u0130stanbul&#8217;un en eski eczanelerinden biri. 119 y\u0131ll\u0131k olan bu eczane d\u0131\u015f cephesi, mobilyalar\u0131 ve i\u00e7eride \u00e7alan m\u00fczikleriyle adete bir m\u00fcze gibi. Ayn\u0131 zamanda eczanede a\u00e7\u0131ld\u0131\u011f\u0131 g\u00fcnden bu yana ayn\u0131 e\u015fyalar kullan\u0131l\u0131yor. 1902 y\u0131l\u0131nda Faik \u0130skender G\u00f6ksel taraf\u0131ndan kurulan Moda Eczanesi, g\u00fcn\u00fcm\u00fczde Melih Ziya Sezer (89) taraf\u0131ndan i\u015fletiliyor.<\/p>\n<p><strong>&#8220;ECZANE 1937 YILINDAN BER\u0130 B\u0130Z\u0130M A\u0130LE TARAFINDAN \u0130\u015eLET\u0130L\u0130YOR&#8221;<\/strong><\/p>\n<p>71 y\u0131ld\u0131r babas\u0131ndan devrald\u0131\u011f\u0131 Yeni Moda Eczanesi&#8217;ni i\u015fleten Melih Ziya Sezer, &#8220;Yeni Moda Eczanesi 1902 kurulu\u015f tarihiyle \u0130stanbul&#8217;un en eskilerinden biri. Eczane, ilk olarak Faik \u0130skender Bey taraf\u0131ndan Eczane-i Saadet ismiyle K\u0131z\u0131ltoprak&#8217;ta kuruldu. 1928&#8217;de \u00e7\u0131kan Tahdit Kanunu gere\u011fi K\u0131z\u0131ltoprak&#8217;daki iki eczaneden birinin kapanmas\u0131 gerekti\u011finden, eczane Moda&#8217;ya ta\u015f\u0131nd\u0131 ve ismi &#8216;Moda Eczanesi&#8217; olarak de\u011fi\u015fti. 1936 y\u0131l\u0131nda Faik \u0130skender Bey vefat edince, Moda Eczanesi sat\u0131l\u0131\u011fa \u00e7\u0131kt\u0131 ve babam bu eczaneyi sat\u0131n ald\u0131. Babam Halil Nejat Sezer 1925 \u0130stanbul \u00dcniversitesi mezunu. Babam ilk eczanesini memleketi olan Urfa&#8217;n\u0131n Birecik kazas\u0131nda Yeni Eczane ad\u0131nda a\u00e7t\u0131, 1935 y\u0131l\u0131nda ise Konya Karaman&#8217;a &#8216;Yeni Eczane&#8217; ad\u0131yla nakletti. 1937&#8217;de eczaneyi devral\u0131nca isimleri birle\u015ftirdi ve Yeni Moda Eczanesi ismi kuruldu. Babam 44 ya\u015f\u0131nda vefat etti. 1950 y\u0131l\u0131nda bu yana eczaneyi ben idare etmeye ba\u015flad\u0131m. Bu eczane 1937 y\u0131l\u0131ndan beri bizim aile taraf\u0131ndan i\u015fletiliyor&#8221; dedi.<\/p>\n<p><img loading=\"lazy\" decoding=\"async\" src=\"https:\/\/haberkartal.com\/wp-content\/uploads\/2021\/12\/eczane3.jpg\" alt=\"\" width=\"900\" height=\"600\" class=\"alignnone size-full wp-image-7892\" srcset=\"https:\/\/www.haberkartal.tr\/tr-int\/wp-content\/uploads\/2021\/12\/eczane3.jpg 900w, https:\/\/www.haberkartal.tr\/tr-int\/wp-content\/uploads\/2021\/12\/eczane3-300x200.jpg 300w, https:\/\/www.haberkartal.tr\/tr-int\/wp-content\/uploads\/2021\/12\/eczane3-768x512.jpg 768w, https:\/\/www.haberkartal.tr\/tr-int\/wp-content\/uploads\/2021\/12\/eczane3-282x188.jpg 282w\" sizes=\"auto, (max-width: 900px) 100vw, 900px\" \/><\/p>\n<p><strong>&#8220;ECZACILIK T\u0130CARET DE\u011e\u0130L, B\u0130R SANATTIR&#8221;<\/strong><\/p>\n<p>Eczac\u0131 Sezer, s\u00f6zlerine \u015fu \u015fekilde devam etti:<\/p>\n<p>&#8220;Eskiden \u00e7o\u011fu ila\u00e7 eczanelerde yap\u0131l\u0131rd\u0131. 1950&#8217;den sonra i\u015fin i\u00e7ine fabrikasyon ila\u00e7lar girdi. Eskiden eczanelerde \u00f6ks\u00fcr\u00fck \u015furuplar\u0131, kuvvet \u015furuplar\u0131, merhemler olurdu. O zamanlar hekimlerde bizlere form\u00fcller yazard\u0131. Ancak \u015fimdi form\u00fcl yazan doktorlar az. \u00c7\u00fcnk\u00fc doktorlarda fabrikasyonla\u015ft\u0131. \u015eu an hala m\u00fc\u015fteriler az da olsa bize re\u00e7ete getiriyor, biz de getirdikleri re\u00e7eteyi yapabildi\u011fimiz kadar yap\u0131yoruz. Ancak eczac\u0131l\u0131k ticaret de\u011fil, bir sanatt\u0131r. Sanattan da bir \u015feyler \u00fcretildi\u011finiz zaman zevk al\u0131n\u0131r.&#8221;<\/p>\n<p><strong>&#8220;ECZACININ HATASINI \u0130SE MEZARCI TEM\u0130ZLER&#8221;<\/strong><\/p>\n<p>\u0130la\u00e7 haz\u0131rlaman\u0131n \u00e7ok \u00f6nemli oldu\u011funu belirten Sezer, &#8220;Mesela re\u00e7ete yaparken ufak yanl\u0131\u015fl\u0131klar \u00e7ok \u00f6nemli. Re\u00e7etede olanlar\u0131 miligram yerine santigram olarak hesaplarsan\u0131z insan can\u0131yla oynam\u0131\u015f olursunuz. Bir hocam, &#8216;doktorun hatas\u0131n\u0131 eczac\u0131, ancak eczac\u0131n\u0131n hatas\u0131n\u0131 ise mezarc\u0131 temizler&#8217; der. Doktor yanl\u0131\u015f bir re\u00e7etede yazabilir. O esnada eczac\u0131 bu yanl\u0131\u015f\u0131 fark edip, doktora telefon etmesi gerekir&#8221; diye konu\u015ftu.<\/p>\n<p><img loading=\"lazy\" decoding=\"async\" src=\"https:\/\/haberkartal.com\/wp-content\/uploads\/2021\/12\/eczane5.jpg\" alt=\"\" width=\"900\" height=\"600\" class=\"alignnone size-full wp-image-7894\" srcset=\"https:\/\/www.haberkartal.tr\/tr-int\/wp-content\/uploads\/2021\/12\/eczane5.jpg 900w, https:\/\/www.haberkartal.tr\/tr-int\/wp-content\/uploads\/2021\/12\/eczane5-300x200.jpg 300w, https:\/\/www.haberkartal.tr\/tr-int\/wp-content\/uploads\/2021\/12\/eczane5-768x512.jpg 768w, https:\/\/www.haberkartal.tr\/tr-int\/wp-content\/uploads\/2021\/12\/eczane5-282x188.jpg 282w\" sizes=\"auto, (max-width: 900px) 100vw, 900px\" \/><\/p>\n<p><strong>&#8220;ESK\u0130DEN HER ECZANEN\u0130N B\u0130R MOB\u0130LYA TARZI VARDI, ARTIK \u00d6YLE ECZANELER KALMADI&#8221;<\/strong><\/p>\n<p>3 ku\u015fakt\u0131r eczac\u0131 olduklar\u0131n\u0131 s\u00f6yleyen Sezer, &#8220;Babam, ben ve o\u011flum \u00fc\u00e7\u00fcm\u00fcz de \u0130stanbul \u00dcniversitesi Eczac\u0131l\u0131k B\u00f6l\u00fcm\u00fc mezunuyuz. \u015eu an bu d\u00fckk\u00e2nda bulunan mobilyalar\u0131n hepsi 1902 y\u0131l\u0131nda K\u0131z\u0131ktoprak&#8217;ta yap\u0131lm\u0131\u015f. Eskiden her eczanenin bir mobilya tarz\u0131 vard\u0131. Art\u0131k \u00f6yle eczaneler kalmad\u0131. \u015eu an benim hi\u00e7bir kurumla anla\u015fmam yok. Hatta d\u00fckkan\u0131mda kredi kart\u0131 bile ge\u00e7mez. 90 ya\u015f\u0131nday\u0131m ve \u00e7al\u0131\u015fabildi\u011fim kadar \u00e7al\u0131\u015fmak isterim. Ben \u00f6ld\u00fckten sonra bu d\u00fckkan\u0131 m\u00fczeye mi verirler, yoksa satarlar m\u0131? Oras\u0131na ailem karar verir&#8221; ifadelerini kulland\u0131.<\/p>\n<p><strong>&#8220;BU ECZANE D\u00dcKKANI BEN\u0130M CENNET\u0130M&#8221;<\/strong><\/p>\n<p>&#8220;Bir insan i\u015fini severek yapmal\u0131&#8221; diyen Sezer, &#8220;\u0130\u015fimi sevmesem bu ya\u015f\u0131ma kadar \u00e7al\u0131\u015fmam. Bu eczane d\u00fckkan\u0131 benim cennetim. \u0130ster ayakkab\u0131 boyac\u0131s\u0131 olun ister m\u00fchendis olun ki\u015fi yapt\u0131\u011f\u0131 i\u015fe imzas\u0131n\u0131 atmal\u0131. Eczac\u0131l\u0131k \u00f6yle kar elde edip, han hamam sahibi olunacak bir meslek de\u011fil. G\u00fcn\u00fcm\u00fczdeki eczac\u0131lara diyece\u011fim \u015fey mesleklerini severek yapmalar\u0131&#8221; dedi.<\/p>\n<p><img loading=\"lazy\" decoding=\"async\" src=\"https:\/\/haberkartal.com\/wp-content\/uploads\/2021\/12\/eczane4.jpg\" alt=\"\" width=\"900\" height=\"600\" class=\"alignnone size-full wp-image-7893\" srcset=\"https:\/\/www.haberkartal.tr\/tr-int\/wp-content\/uploads\/2021\/12\/eczane4.jpg 900w, https:\/\/www.haberkartal.tr\/tr-int\/wp-content\/uploads\/2021\/12\/eczane4-300x200.jpg 300w, https:\/\/www.haberkartal.tr\/tr-int\/wp-content\/uploads\/2021\/12\/eczane4-768x512.jpg 768w, https:\/\/www.haberkartal.tr\/tr-int\/wp-content\/uploads\/2021\/12\/eczane4-282x188.jpg 282w\" sizes=\"auto, (max-width: 900px) 100vw, 900px\" \/><\/p>\n","protected":false},"excerpt":{"rendered":"<p>Osmal\u0131 \u0130mparatorlu\u011fu&#8217;nun son d\u00f6nemlerinden, Cumhuriyet&#8217;in kurulu\u015funa tan\u0131kl\u0131k eden 119 y\u0131ll\u0131k tarihi &#8216;Yeni Moda Eczanesi&#8217; Kad\u0131k\u00f6y&#8217;de hastalar\u0131na \u015fifa da\u011f\u0131tmaya devam ediyor. \u0130stanbul&#8217;un en eski eczanelerinden olan &#8216;Yeni Moda Eczanesi&#8217;ni di\u011fer eczanelerden ay\u0131ran en \u00f6nemli \u00f6zellikse, ila\u00e7lar\u0131n tamam\u0131n\u0131 haz\u0131r al\u0131p satmak yerine, hala re\u00e7eteye g\u00f6re ila\u00e7 yapabiliyor olmalar\u0131.<\/p>\n","protected":false},"author":8,"featured_media":7890,"comment_status":"open","ping_status":"open","sticky":false,"template":"","format":"standard","meta":{"footnotes":""},"categories":[8],"tags":[345,1501,105,541,1502,164],"class_list":["post-7887","post","type-post","status-publish","format-standard","has-post-thumbnail","hentry","category-kadikoy","tag-cumhuriyet","tag-ezcane","tag-kadikoy","tag-manset","tag-modo","tag-osmanli"],"_links":{"self":[{"href":"https:\/\/www.haberkartal.tr\/tr-int\/wp-json\/wp\/v2\/posts\/7887","targetHints":{"allow":["GET"]}}],"collection":[{"href":"https:\/\/www.haberkartal.tr\/tr-int\/wp-json\/wp\/v2\/posts"}],"about":[{"href":"https:\/\/www.haberkartal.tr\/tr-int\/wp-json\/wp\/v2\/types\/post"}],"author":[{"embeddable":true,"href":"https:\/\/www.haberkartal.tr\/tr-int\/wp-json\/wp\/v2\/users\/8"}],"replies":[{"embeddable":true,"href":"https:\/\/www.haberkartal.tr\/tr-int\/wp-json\/wp\/v2\/comments?post=7887"}],"version-history":[{"count":1,"href":"https:\/\/www.haberkartal.tr\/tr-int\/wp-json\/wp\/v2\/posts\/7887\/revisions"}],"predecessor-version":[{"id":7895,"href":"https:\/\/www.haberkartal.tr\/tr-int\/wp-json\/wp\/v2\/posts\/7887\/revisions\/7895"}],"wp:featuredmedia":[{"embeddable":true,"href":"https:\/\/www.haberkartal.tr\/tr-int\/wp-json\/wp\/v2\/media\/7890"}],"wp:attachment":[{"href":"https:\/\/www.haberkartal.tr\/tr-int\/wp-json\/wp\/v2\/media?parent=7887"}],"wp:term":[{"taxonomy":"category","embeddable":true,"href":"https:\/\/www.haberkartal.tr\/tr-int\/wp-json\/wp\/v2\/categories?post=7887"},{"taxonomy":"post_tag","embeddable":true,"href":"https:\/\/www.haberkartal.tr\/tr-int\/wp-json\/wp\/v2\/tags?post=7887"}],"curies":[{"name":"wp","href":"https:\/\/api.w.org\/{rel}","templated":true}]}}