{"id":8657,"date":"2022-01-09T13:15:01","date_gmt":"2022-01-09T10:15:01","guid":{"rendered":"https:\/\/haberkartal.com\/?p=8657"},"modified":"2022-01-09T13:15:01","modified_gmt":"2022-01-09T10:15:01","slug":"araci-yanan-kisi-gozyaslarina-boguldu","status":"publish","type":"post","link":"https:\/\/www.haberkartal.tr\/tr-int\/kadikoy\/araci-yanan-kisi-gozyaslarina-boguldu\/8657\/","title":{"rendered":"Arac\u0131 yanan ki\u015fi g\u00f6zya\u015flar\u0131na bo\u011fuldu"},"content":{"rendered":"<p>Kad\u0131k\u00f6y, Fikirtepe Mahallesi&#8217;nde saat 10.00 s\u0131ralar\u0131nda seyir halindeki otomobilin motor k\u0131sm\u0131 biranda yanmaya ba\u015flad\u0131. Alevlere k\u0131sa s\u00fcrede arac\u0131n \u00f6n k\u0131sm\u0131n\u0131 kaplad\u0131. Otomobilin yand\u0131\u011f\u0131n\u0131 g\u00f6ren \u00e7evredeki vatanda\u015flar, yang\u0131n t\u00fcpleriyle yanan araca m\u00fcdahale etti. <\/p>\n<p>K\u0131sa s\u00fcrede b\u00fcy\u00fcmeden s\u00f6nd\u00fcr\u00fclen otomobil, vatanda\u015flar taraf\u0131ndan itilerek yol kenar\u0131na al\u0131nd\u0131. \u0130tfaiye ekipleri yanan ara\u00e7ta so\u011futma \u00e7al\u0131\u015fmas\u0131 yapt\u0131. Haberi alan s\u00fcr\u00fcc\u00fcn\u00fcn anne ve babas\u0131 olay yerine geldi. Yanan arac\u0131na \u00fcz\u00fclerek g\u00f6zya\u015flar\u0131na hakim olamayan s\u00fcr\u00fcc\u00fcye anne ve babas\u0131 sar\u0131larak teselli etti. O anlar bir vatanda\u015f\u0131n cep telefonu kameras\u0131yla kaydedildi. <\/p>\n","protected":false},"excerpt":{"rendered":"<p>Kad\u0131k\u00f6y&#8217;de yanan otomobilin s\u00fcr\u00fcc\u00fcs\u00fc g\u00f6zya\u015flar\u0131na bo\u011fuldu. Onu anne ve babas\u0131 teselli etmeye \u00e7al\u0131\u015ft\u0131.<\/p>\n","protected":false},"author":8,"featured_media":8660,"comment_status":"open","ping_status":"open","sticky":false,"template":"","format":"standard","meta":{"footnotes":""},"categories":[8],"tags":[464,105,541,800],"class_list":["post-8657","post","type-post","status-publish","format-standard","has-post-thumbnail","hentry","category-kadikoy","tag-fikirtepe","tag-kadikoy","tag-manset","tag-yangin"],"_links":{"self":[{"href":"https:\/\/www.haberkartal.tr\/tr-int\/wp-json\/wp\/v2\/posts\/8657","targetHints":{"allow":["GET"]}}],"collection":[{"href":"https:\/\/www.haberkartal.tr\/tr-int\/wp-json\/wp\/v2\/posts"}],"about":[{"href":"https:\/\/www.haberkartal.tr\/tr-int\/wp-json\/wp\/v2\/types\/post"}],"author":[{"embeddable":true,"href":"https:\/\/www.haberkartal.tr\/tr-int\/wp-json\/wp\/v2\/users\/8"}],"replies":[{"embeddable":true,"href":"https:\/\/www.haberkartal.tr\/tr-int\/wp-json\/wp\/v2\/comments?post=8657"}],"version-history":[{"count":1,"href":"https:\/\/www.haberkartal.tr\/tr-int\/wp-json\/wp\/v2\/posts\/8657\/revisions"}],"predecessor-version":[{"id":8662,"href":"https:\/\/www.haberkartal.tr\/tr-int\/wp-json\/wp\/v2\/posts\/8657\/revisions\/8662"}],"wp:featuredmedia":[{"embeddable":true,"href":"https:\/\/www.haberkartal.tr\/tr-int\/wp-json\/wp\/v2\/media\/8660"}],"wp:attachment":[{"href":"https:\/\/www.haberkartal.tr\/tr-int\/wp-json\/wp\/v2\/media?parent=8657"}],"wp:term":[{"taxonomy":"category","embeddable":true,"href":"https:\/\/www.haberkartal.tr\/tr-int\/wp-json\/wp\/v2\/categories?post=8657"},{"taxonomy":"post_tag","embeddable":true,"href":"https:\/\/www.haberkartal.tr\/tr-int\/wp-json\/wp\/v2\/tags?post=8657"}],"curies":[{"name":"wp","href":"https:\/\/api.w.org\/{rel}","templated":true}]}}